{"id":4497,"date":"2020-05-31T21:42:07","date_gmt":"2020-05-31T19:42:07","guid":{"rendered":"https:\/\/www.enviedecole.fr\/?p=4497"},"modified":"2020-08-28T19:49:26","modified_gmt":"2020-08-28T17:49:26","slug":"lecole-rouvre-ses-portes-a-compter-du-02-juin","status":"publish","type":"post","link":"https:\/\/www.enviedecole.fr\/index.php\/2020\/05\/31\/lecole-rouvre-ses-portes-a-compter-du-02-juin\/","title":{"rendered":"L&rsquo;\u00e9cole rouvre ses portes \u00e0 compter du 02 juin !"},"content":{"rendered":"<div style=\"text-align: justify;\">Apr\u00e8s transmission du protocole sanitaire, la grande majorit\u00e9 des familles nous fait confiance pour un retour de leur enfant \u00e0 l&rsquo;\u00e9cole \u00e0 compter du mardi 02 juin, ce dont nous nous r\u00e9jouissons.<br \/>\r\n<br \/>\r\n<\/div>\r\n<div style=\"text-align: justify;\">Les classes ont \u00e9t\u00e9 r\u00e9am\u00e9nag\u00e9es, les activit\u00e9s repens\u00e9es, le m\u00e9nage renforc\u00e9 &#8230; afin de respecter les r\u00e8gles qui s&rsquo;imposent \u00e0 toutes les \u00e9coles. Les deux classes seront accueillies de mani\u00e8re altern\u00e9e pendant la semaine. Nous accueillerons toute la semaine le petit groupe d&rsquo;enfants dont les parents n&rsquo;ont aucune solution de garde. <br \/>\r\n<br \/>\r\nTout est pr\u00eat pour cette rentr\u00e9e, dans un contexte certes particulier mais avec un d\u00e9sir inchang\u00e9 d&rsquo;apprendre et de transmettre !<\/div>","protected":false},"excerpt":{"rendered":"<p align=\"justify\">Apr\u00e8s transmission du protocole sanitaire, la grande majorit\u00e9 des familles nous fait confiance pour un retour de leur enfant \u00e0 l&rsquo;\u00e9cole \u00e0 compter du mardi 02 juin, ce dont nous nous r\u00e9jouissons. <\/p>\n<p> Les classes ont \u00e9t\u00e9 r\u00e9am\u00e9nag\u00e9es, les activit\u00e9s repens\u00e9es, le m\u00e9nage renforc\u00e9 &#8230; afin de respecter les r\u00e8gles qui s&rsquo;imposent \u00e0 toutes les \u00e9coles. Les deux classes seront accueillies de mani\u00e8re altern\u00e9e pendant la semaine. Nous accueillerons toute la semaine le petit groupe d&rsquo;enfants dont les parents n&rsquo;ont aucune solution de garde. <\/p>\n<p> Tout est pr\u00eat pour cette rentr\u00e9e, dans un contexte certes particulier mais avec un d\u00e9sir inchang\u00e9 d&rsquo;apprendre et de transmettre ! <\/p>\n","protected":false},"author":3,"featured_media":4488,"comment_status":"open","ping_status":"open","sticky":false,"template":"","format":"standard","meta":{"site-sidebar-layout":"default","site-content-layout":"","ast-site-content-layout":"","site-content-style":"default","site-sidebar-style":"default","ast-global-header-display":"","ast-banner-title-visibility":"","ast-main-header-display":"","ast-hfb-above-header-display":"","ast-hfb-below-header-display":"","ast-hfb-mobile-header-display":"","site-post-title":"","ast-breadcrumbs-content":"","ast-featured-img":"","footer-sml-layout":"","theme-transparent-header-meta":"","adv-header-id-meta":"","stick-header-meta":"","header-above-stick-meta":"","header-main-stick-meta":"","header-below-stick-meta":"","astra-migrate-meta-layouts":"default","ast-page-background-enabled":"default","ast-page-background-meta":{"desktop":{"background-color":"var(--ast-global-color-4)","background-image":"","background-repeat":"repeat","background-position":"center center","background-size":"auto","background-attachment":"scroll","background-type":"","background-media":"","overlay-type":"","overlay-color":"","overlay-opacity":"","overlay-gradient":""},"tablet":{"background-color":"","background-image":"","background-repeat":"repeat","background-position":"center center","background-size":"auto","background-attachment":"scroll","background-type":"","background-media":"","overlay-type":"","overlay-color":"","overlay-opacity":"","overlay-gradient":""},"mobile":{"background-color":"","background-image":"","background-repeat":"repeat","background-position":"center center","background-size":"auto","background-attachment":"scroll","background-type":"","background-media":"","overlay-type":"","overlay-color":"","overlay-opacity":"","overlay-gradient":""}},"ast-content-background-meta":{"desktop":{"background-color":"var(--ast-global-color-5)","background-image":"","background-repeat":"repeat","background-position":"center center","background-size":"auto","background-attachment":"scroll","background-type":"","background-media":"","overlay-type":"","overlay-color":"","overlay-opacity":"","overlay-gradient":""},"tablet":{"background-color":"var(--ast-global-color-5)","background-image":"","background-repeat":"repeat","background-position":"center center","background-size":"auto","background-attachment":"scroll","background-type":"","background-media":"","overlay-type":"","overlay-color":"","overlay-opacity":"","overlay-gradient":""},"mobile":{"background-color":"var(--ast-global-color-5)","background-image":"","background-repeat":"repeat","background-position":"center center","background-size":"auto","background-attachment":"scroll","background-type":"","background-media":"","overlay-type":"","overlay-color":"","overlay-opacity":"","overlay-gradient":""}},"footnotes":""},"categories":[3],"tags":[],"class_list":["post-4497","post","type-post","status-publish","format-standard","has-post-thumbnail","hentry","category-actu"],"yoast_head":"<!-- This site is optimized with the Yoast SEO plugin v23.9 - https:\/\/yoast.com\/wordpress\/plugins\/seo\/ -->\n<title>- L&#039;\u00e9cole rouvre ses portes \u00e0 compter du 02 juin !<\/title>\n<meta name=\"description\" content=\"L\u2019ENVOL est une \u00e9cole priv\u00e9e la\u00efque hors contrat \u00e0 p\u00e9dagogie coop\u00e9rative d\u2019inspiration Montessori et Freinet, situ\u00e9e sur la commune de St Saturnin du Bois, proche de Surg\u00e8res et de Niort dans le d\u00e9partement de la Charente Maritime (17).\" \/>\n<meta name=\"robots\" content=\"index, follow, max-snippet:-1, max-image-preview:large, max-video-preview:-1\" \/>\n<link rel=\"canonical\" href=\"https:\/\/www.enviedecole.fr\/index.php\/2020\/05\/31\/lecole-rouvre-ses-portes-a-compter-du-02-juin\/\" \/>\n<meta property=\"og:locale\" content=\"fr_FR\" \/>\n<meta property=\"og:type\" content=\"article\" \/>\n<meta property=\"og:title\" content=\"- L&#039;\u00e9cole rouvre ses portes \u00e0 compter du 02 juin !\" \/>\n<meta property=\"og:description\" content=\"L\u2019ENVOL est une \u00e9cole priv\u00e9e la\u00efque hors contrat \u00e0 p\u00e9dagogie coop\u00e9rative d\u2019inspiration Montessori et Freinet, situ\u00e9e sur la commune de St Saturnin du Bois, proche de Surg\u00e8res et de Niort dans le d\u00e9partement de la Charente Maritime (17).\" \/>\n<meta property=\"og:url\" content=\"https:\/\/www.enviedecole.fr\/index.php\/2020\/05\/31\/lecole-rouvre-ses-portes-a-compter-du-02-juin\/\" \/>\n<meta property=\"article:published_time\" content=\"2020-05-31T19:42:07+00:00\" \/>\n<meta property=\"article:modified_time\" content=\"2020-08-28T17:49:26+00:00\" \/>\n<meta property=\"og:image\" content=\"https:\/\/www.enviedecole.fr\/wp-content\/uploads\/2020\/05\/Envol_ecole_Montessori_NL_pied_page_juin.jpg\" \/>\n\t<meta property=\"og:image:width\" content=\"454\" \/>\n\t<meta property=\"og:image:height\" content=\"217\" \/>\n\t<meta property=\"og:image:type\" content=\"image\/jpeg\" \/>\n<meta name=\"author\" content=\"Dimitri\" \/>\n<meta name=\"twitter:card\" content=\"summary_large_image\" \/>\n<meta name=\"twitter:label1\" content=\"\u00c9crit par\" \/>\n\t<meta name=\"twitter:data1\" content=\"Dimitri\" \/>\n\t<meta name=\"twitter:label2\" content=\"Dur\u00e9e de lecture estim\u00e9e\" \/>\n\t<meta name=\"twitter:data2\" content=\"1 minute\" \/>\n<script type=\"application\/ld+json\" class=\"yoast-schema-graph\">{\"@context\":\"https:\/\/schema.org\",\"@graph\":[{\"@type\":\"Article\",\"@id\":\"https:\/\/www.enviedecole.fr\/index.php\/2020\/05\/31\/lecole-rouvre-ses-portes-a-compter-du-02-juin\/#article\",\"isPartOf\":{\"@id\":\"https:\/\/www.enviedecole.fr\/index.php\/2020\/05\/31\/lecole-rouvre-ses-portes-a-compter-du-02-juin\/\"},\"author\":{\"name\":\"Dimitri\",\"@id\":\"https:\/\/www.enviedecole.fr\/#\/schema\/person\/3141deeb74550f8286111a4c445da987\"},\"headline\":\"L&rsquo;\u00e9cole rouvre ses portes \u00e0 compter du 02 juin !\",\"datePublished\":\"2020-05-31T19:42:07+00:00\",\"dateModified\":\"2020-08-28T17:49:26+00:00\",\"mainEntityOfPage\":{\"@id\":\"https:\/\/www.enviedecole.fr\/index.php\/2020\/05\/31\/lecole-rouvre-ses-portes-a-compter-du-02-juin\/\"},\"wordCount\":121,\"commentCount\":0,\"publisher\":{\"@id\":\"https:\/\/www.enviedecole.fr\/#organization\"},\"image\":{\"@id\":\"https:\/\/www.enviedecole.fr\/index.php\/2020\/05\/31\/lecole-rouvre-ses-portes-a-compter-du-02-juin\/#primaryimage\"},\"thumbnailUrl\":\"https:\/\/www.enviedecole.fr\/wp-content\/uploads\/2020\/05\/Envol_ecole_Montessori_NL_pied_page_juin.jpg\",\"articleSection\":[\"actu\"],\"inLanguage\":\"fr-FR\",\"potentialAction\":[{\"@type\":\"CommentAction\",\"name\":\"Comment\",\"target\":[\"https:\/\/www.enviedecole.fr\/index.php\/2020\/05\/31\/lecole-rouvre-ses-portes-a-compter-du-02-juin\/#respond\"]}]},{\"@type\":\"WebPage\",\"@id\":\"https:\/\/www.enviedecole.fr\/index.php\/2020\/05\/31\/lecole-rouvre-ses-portes-a-compter-du-02-juin\/\",\"url\":\"https:\/\/www.enviedecole.fr\/index.php\/2020\/05\/31\/lecole-rouvre-ses-portes-a-compter-du-02-juin\/\",\"name\":\"- L'\u00e9cole rouvre ses portes \u00e0 compter du 02 juin !\",\"isPartOf\":{\"@id\":\"https:\/\/www.enviedecole.fr\/#website\"},\"primaryImageOfPage\":{\"@id\":\"https:\/\/www.enviedecole.fr\/index.php\/2020\/05\/31\/lecole-rouvre-ses-portes-a-compter-du-02-juin\/#primaryimage\"},\"image\":{\"@id\":\"https:\/\/www.enviedecole.fr\/index.php\/2020\/05\/31\/lecole-rouvre-ses-portes-a-compter-du-02-juin\/#primaryimage\"},\"thumbnailUrl\":\"https:\/\/www.enviedecole.fr\/wp-content\/uploads\/2020\/05\/Envol_ecole_Montessori_NL_pied_page_juin.jpg\",\"datePublished\":\"2020-05-31T19:42:07+00:00\",\"dateModified\":\"2020-08-28T17:49:26+00:00\",\"description\":\"L\u2019ENVOL est une \u00e9cole priv\u00e9e la\u00efque hors contrat \u00e0 p\u00e9dagogie coop\u00e9rative d\u2019inspiration Montessori et Freinet, situ\u00e9e sur la commune de St Saturnin du Bois, proche de Surg\u00e8res et de Niort dans le d\u00e9partement de la Charente Maritime (17).\",\"breadcrumb\":{\"@id\":\"https:\/\/www.enviedecole.fr\/index.php\/2020\/05\/31\/lecole-rouvre-ses-portes-a-compter-du-02-juin\/#breadcrumb\"},\"inLanguage\":\"fr-FR\",\"potentialAction\":[{\"@type\":\"ReadAction\",\"target\":[\"https:\/\/www.enviedecole.fr\/index.php\/2020\/05\/31\/lecole-rouvre-ses-portes-a-compter-du-02-juin\/\"]}]},{\"@type\":\"ImageObject\",\"inLanguage\":\"fr-FR\",\"@id\":\"https:\/\/www.enviedecole.fr\/index.php\/2020\/05\/31\/lecole-rouvre-ses-portes-a-compter-du-02-juin\/#primaryimage\",\"url\":\"https:\/\/www.enviedecole.fr\/wp-content\/uploads\/2020\/05\/Envol_ecole_Montessori_NL_pied_page_juin.jpg\",\"contentUrl\":\"https:\/\/www.enviedecole.fr\/wp-content\/uploads\/2020\/05\/Envol_ecole_Montessori_NL_pied_page_juin.jpg\",\"width\":454,\"height\":217},{\"@type\":\"BreadcrumbList\",\"@id\":\"https:\/\/www.enviedecole.fr\/index.php\/2020\/05\/31\/lecole-rouvre-ses-portes-a-compter-du-02-juin\/#breadcrumb\",\"itemListElement\":[{\"@type\":\"ListItem\",\"position\":1,\"name\":\"Accueil\",\"item\":\"https:\/\/www.enviedecole.fr\/\"},{\"@type\":\"ListItem\",\"position\":2,\"name\":\"L&rsquo;\u00e9cole rouvre ses portes \u00e0 compter du 02 juin !\"}]},{\"@type\":\"WebSite\",\"@id\":\"https:\/\/www.enviedecole.fr\/#website\",\"url\":\"https:\/\/www.enviedecole.fr\/\",\"name\":\"En Vie d'Ecole\",\"description\":\"\",\"publisher\":{\"@id\":\"https:\/\/www.enviedecole.fr\/#organization\"},\"potentialAction\":[{\"@type\":\"SearchAction\",\"target\":{\"@type\":\"EntryPoint\",\"urlTemplate\":\"https:\/\/www.enviedecole.fr\/?s={search_term_string}\"},\"query-input\":{\"@type\":\"PropertyValueSpecification\",\"valueRequired\":true,\"valueName\":\"search_term_string\"}}],\"inLanguage\":\"fr-FR\"},{\"@type\":\"Organization\",\"@id\":\"https:\/\/www.enviedecole.fr\/#organization\",\"name\":\"En vie d\u2019\u00e9cole\",\"url\":\"https:\/\/www.enviedecole.fr\/\",\"logo\":{\"@type\":\"ImageObject\",\"inLanguage\":\"fr-FR\",\"@id\":\"https:\/\/www.enviedecole.fr\/#\/schema\/logo\/image\/\",\"url\":\"https:\/\/www.enviedecole.fr\/wp-content\/uploads\/2018\/10\/logo_texte_bas.jpg\",\"contentUrl\":\"https:\/\/www.enviedecole.fr\/wp-content\/uploads\/2018\/10\/logo_texte_bas.jpg\",\"width\":266,\"height\":284,\"caption\":\"En vie d\u2019\u00e9cole\"},\"image\":{\"@id\":\"https:\/\/www.enviedecole.fr\/#\/schema\/logo\/image\/\"}},{\"@type\":\"Person\",\"@id\":\"https:\/\/www.enviedecole.fr\/#\/schema\/person\/3141deeb74550f8286111a4c445da987\",\"name\":\"Dimitri\",\"image\":{\"@type\":\"ImageObject\",\"inLanguage\":\"fr-FR\",\"@id\":\"https:\/\/www.enviedecole.fr\/#\/schema\/person\/image\/\",\"url\":\"https:\/\/secure.gravatar.com\/avatar\/d3a3675328bd8b4593471d65873b60bb?s=96&d=mm&r=g\",\"contentUrl\":\"https:\/\/secure.gravatar.com\/avatar\/d3a3675328bd8b4593471d65873b60bb?s=96&d=mm&r=g\",\"caption\":\"Dimitri\"},\"description\":\"Dimitri EXERTIER, responsable administratif et financier de l'\u00e9cole L'ENVOL et partisan des p\u00e9dagogies coop\u00e9ratives :)\"}]}<\/script>\n<!-- \/ Yoast SEO plugin. -->","yoast_head_json":{"title":"- L'\u00e9cole rouvre ses portes \u00e0 compter du 02 juin !","description":"L\u2019ENVOL est une \u00e9cole priv\u00e9e la\u00efque hors contrat \u00e0 p\u00e9dagogie coop\u00e9rative d\u2019inspiration Montessori et Freinet, situ\u00e9e sur la commune de St Saturnin du Bois, proche de Surg\u00e8res et de Niort dans le d\u00e9partement de la Charente Maritime (17).","robots":{"index":"index","follow":"follow","max-snippet":"max-snippet:-1","max-image-preview":"max-image-preview:large","max-video-preview":"max-video-preview:-1"},"canonical":"https:\/\/www.enviedecole.fr\/index.php\/2020\/05\/31\/lecole-rouvre-ses-portes-a-compter-du-02-juin\/","og_locale":"fr_FR","og_type":"article","og_title":"- L'\u00e9cole rouvre ses portes \u00e0 compter du 02 juin !","og_description":"L\u2019ENVOL est une \u00e9cole priv\u00e9e la\u00efque hors contrat \u00e0 p\u00e9dagogie coop\u00e9rative d\u2019inspiration Montessori et Freinet, situ\u00e9e sur la commune de St Saturnin du Bois, proche de Surg\u00e8res et de Niort dans le d\u00e9partement de la Charente Maritime (17).","og_url":"https:\/\/www.enviedecole.fr\/index.php\/2020\/05\/31\/lecole-rouvre-ses-portes-a-compter-du-02-juin\/","article_published_time":"2020-05-31T19:42:07+00:00","article_modified_time":"2020-08-28T17:49:26+00:00","og_image":[{"width":454,"height":217,"url":"https:\/\/www.enviedecole.fr\/wp-content\/uploads\/2020\/05\/Envol_ecole_Montessori_NL_pied_page_juin.jpg","type":"image\/jpeg"}],"author":"Dimitri","twitter_card":"summary_large_image","twitter_misc":{"\u00c9crit par":"Dimitri","Dur\u00e9e de lecture estim\u00e9e":"1 minute"},"schema":{"@context":"https:\/\/schema.org","@graph":[{"@type":"Article","@id":"https:\/\/www.enviedecole.fr\/index.php\/2020\/05\/31\/lecole-rouvre-ses-portes-a-compter-du-02-juin\/#article","isPartOf":{"@id":"https:\/\/www.enviedecole.fr\/index.php\/2020\/05\/31\/lecole-rouvre-ses-portes-a-compter-du-02-juin\/"},"author":{"name":"Dimitri","@id":"https:\/\/www.enviedecole.fr\/#\/schema\/person\/3141deeb74550f8286111a4c445da987"},"headline":"L&rsquo;\u00e9cole rouvre ses portes \u00e0 compter du 02 juin !","datePublished":"2020-05-31T19:42:07+00:00","dateModified":"2020-08-28T17:49:26+00:00","mainEntityOfPage":{"@id":"https:\/\/www.enviedecole.fr\/index.php\/2020\/05\/31\/lecole-rouvre-ses-portes-a-compter-du-02-juin\/"},"wordCount":121,"commentCount":0,"publisher":{"@id":"https:\/\/www.enviedecole.fr\/#organization"},"image":{"@id":"https:\/\/www.enviedecole.fr\/index.php\/2020\/05\/31\/lecole-rouvre-ses-portes-a-compter-du-02-juin\/#primaryimage"},"thumbnailUrl":"https:\/\/www.enviedecole.fr\/wp-content\/uploads\/2020\/05\/Envol_ecole_Montessori_NL_pied_page_juin.jpg","articleSection":["actu"],"inLanguage":"fr-FR","potentialAction":[{"@type":"CommentAction","name":"Comment","target":["https:\/\/www.enviedecole.fr\/index.php\/2020\/05\/31\/lecole-rouvre-ses-portes-a-compter-du-02-juin\/#respond"]}]},{"@type":"WebPage","@id":"https:\/\/www.enviedecole.fr\/index.php\/2020\/05\/31\/lecole-rouvre-ses-portes-a-compter-du-02-juin\/","url":"https:\/\/www.enviedecole.fr\/index.php\/2020\/05\/31\/lecole-rouvre-ses-portes-a-compter-du-02-juin\/","name":"- L'\u00e9cole rouvre ses portes \u00e0 compter du 02 juin !","isPartOf":{"@id":"https:\/\/www.enviedecole.fr\/#website"},"primaryImageOfPage":{"@id":"https:\/\/www.enviedecole.fr\/index.php\/2020\/05\/31\/lecole-rouvre-ses-portes-a-compter-du-02-juin\/#primaryimage"},"image":{"@id":"https:\/\/www.enviedecole.fr\/index.php\/2020\/05\/31\/lecole-rouvre-ses-portes-a-compter-du-02-juin\/#primaryimage"},"thumbnailUrl":"https:\/\/www.enviedecole.fr\/wp-content\/uploads\/2020\/05\/Envol_ecole_Montessori_NL_pied_page_juin.jpg","datePublished":"2020-05-31T19:42:07+00:00","dateModified":"2020-08-28T17:49:26+00:00","description":"L\u2019ENVOL est une \u00e9cole priv\u00e9e la\u00efque hors contrat \u00e0 p\u00e9dagogie coop\u00e9rative d\u2019inspiration Montessori et Freinet, situ\u00e9e sur la commune de St Saturnin du Bois, proche de Surg\u00e8res et de Niort dans le d\u00e9partement de la Charente Maritime (17).","breadcrumb":{"@id":"https:\/\/www.enviedecole.fr\/index.php\/2020\/05\/31\/lecole-rouvre-ses-portes-a-compter-du-02-juin\/#breadcrumb"},"inLanguage":"fr-FR","potentialAction":[{"@type":"ReadAction","target":["https:\/\/www.enviedecole.fr\/index.php\/2020\/05\/31\/lecole-rouvre-ses-portes-a-compter-du-02-juin\/"]}]},{"@type":"ImageObject","inLanguage":"fr-FR","@id":"https:\/\/www.enviedecole.fr\/index.php\/2020\/05\/31\/lecole-rouvre-ses-portes-a-compter-du-02-juin\/#primaryimage","url":"https:\/\/www.enviedecole.fr\/wp-content\/uploads\/2020\/05\/Envol_ecole_Montessori_NL_pied_page_juin.jpg","contentUrl":"https:\/\/www.enviedecole.fr\/wp-content\/uploads\/2020\/05\/Envol_ecole_Montessori_NL_pied_page_juin.jpg","width":454,"height":217},{"@type":"BreadcrumbList","@id":"https:\/\/www.enviedecole.fr\/index.php\/2020\/05\/31\/lecole-rouvre-ses-portes-a-compter-du-02-juin\/#breadcrumb","itemListElement":[{"@type":"ListItem","position":1,"name":"Accueil","item":"https:\/\/www.enviedecole.fr\/"},{"@type":"ListItem","position":2,"name":"L&rsquo;\u00e9cole rouvre ses portes \u00e0 compter du 02 juin !"}]},{"@type":"WebSite","@id":"https:\/\/www.enviedecole.fr\/#website","url":"https:\/\/www.enviedecole.fr\/","name":"En Vie d'Ecole","description":"","publisher":{"@id":"https:\/\/www.enviedecole.fr\/#organization"},"potentialAction":[{"@type":"SearchAction","target":{"@type":"EntryPoint","urlTemplate":"https:\/\/www.enviedecole.fr\/?s={search_term_string}"},"query-input":{"@type":"PropertyValueSpecification","valueRequired":true,"valueName":"search_term_string"}}],"inLanguage":"fr-FR"},{"@type":"Organization","@id":"https:\/\/www.enviedecole.fr\/#organization","name":"En vie d\u2019\u00e9cole","url":"https:\/\/www.enviedecole.fr\/","logo":{"@type":"ImageObject","inLanguage":"fr-FR","@id":"https:\/\/www.enviedecole.fr\/#\/schema\/logo\/image\/","url":"https:\/\/www.enviedecole.fr\/wp-content\/uploads\/2018\/10\/logo_texte_bas.jpg","contentUrl":"https:\/\/www.enviedecole.fr\/wp-content\/uploads\/2018\/10\/logo_texte_bas.jpg","width":266,"height":284,"caption":"En vie d\u2019\u00e9cole"},"image":{"@id":"https:\/\/www.enviedecole.fr\/#\/schema\/logo\/image\/"}},{"@type":"Person","@id":"https:\/\/www.enviedecole.fr\/#\/schema\/person\/3141deeb74550f8286111a4c445da987","name":"Dimitri","image":{"@type":"ImageObject","inLanguage":"fr-FR","@id":"https:\/\/www.enviedecole.fr\/#\/schema\/person\/image\/","url":"https:\/\/secure.gravatar.com\/avatar\/d3a3675328bd8b4593471d65873b60bb?s=96&d=mm&r=g","contentUrl":"https:\/\/secure.gravatar.com\/avatar\/d3a3675328bd8b4593471d65873b60bb?s=96&d=mm&r=g","caption":"Dimitri"},"description":"Dimitri EXERTIER, responsable administratif et financier de l'\u00e9cole L'ENVOL et partisan des p\u00e9dagogies coop\u00e9ratives :)"}]}},"_links":{"self":[{"href":"https:\/\/www.enviedecole.fr\/index.php\/wp-json\/wp\/v2\/posts\/4497"}],"collection":[{"href":"https:\/\/www.enviedecole.fr\/index.php\/wp-json\/wp\/v2\/posts"}],"about":[{"href":"https:\/\/www.enviedecole.fr\/index.php\/wp-json\/wp\/v2\/types\/post"}],"author":[{"embeddable":true,"href":"https:\/\/www.enviedecole.fr\/index.php\/wp-json\/wp\/v2\/users\/3"}],"replies":[{"embeddable":true,"href":"https:\/\/www.enviedecole.fr\/index.php\/wp-json\/wp\/v2\/comments?post=4497"}],"version-history":[{"count":0,"href":"https:\/\/www.enviedecole.fr\/index.php\/wp-json\/wp\/v2\/posts\/4497\/revisions"}],"wp:featuredmedia":[{"embeddable":true,"href":"https:\/\/www.enviedecole.fr\/index.php\/wp-json\/wp\/v2\/media\/4488"}],"wp:attachment":[{"href":"https:\/\/www.enviedecole.fr\/index.php\/wp-json\/wp\/v2\/media?parent=4497"}],"wp:term":[{"taxonomy":"category","embeddable":true,"href":"https:\/\/www.enviedecole.fr\/index.php\/wp-json\/wp\/v2\/categories?post=4497"},{"taxonomy":"post_tag","embeddable":true,"href":"https:\/\/www.enviedecole.fr\/index.php\/wp-json\/wp\/v2\/tags?post=4497"}],"curies":[{"name":"wp","href":"https:\/\/api.w.org\/{rel}","templated":true}]}}