{"id":4202,"date":"2020-04-01T15:44:13","date_gmt":"2020-04-01T13:44:13","guid":{"rendered":"https:\/\/www.enviedecole.fr\/?p=4202"},"modified":"2020-09-28T16:29:25","modified_gmt":"2020-09-28T14:29:25","slug":"le-dossier-2020-2021-est-telechargeable-pour-les-nouvelles-familles","status":"publish","type":"post","link":"https:\/\/www.enviedecole.fr\/index.php\/2020\/04\/01\/le-dossier-2020-2021-est-telechargeable-pour-les-nouvelles-familles\/","title":{"rendered":"Le dossier 2020\/2021 est t\u00e9l\u00e9chargeable pour les nouvelles familles !"},"content":{"rendered":"Nous ouvrons \u00e0 partir du 02 avril les inscriptions 2020\/2021 aux nouvelles familles. <br \/>\r\n<a href=\"https:\/\/www.enviedecole.fr\/wp-content\/uploads\/2020\/04\/Envol-dossier-inscription-2020-2021.pdf\" target=\"_blank\" rel=\"noopener noreferrer\">Le dossier est t\u00e9l\u00e9chargeable ici.<\/a> <br \/>\r\nLa p\u00e9riode actuelle de fermeture de l&rsquo;\u00e9cole et de confinement de l&rsquo;\u00e9quipe nous oblige \u00e9videmment \u00e0 modifier la proc\u00e9dure d&rsquo;inscription. <br \/>\r\nSi vous \u00eates int\u00e9ress\u00e9 pour une inscription, merci de <a href=\"https:\/\/www.enviedecole.fr\/index.php\/nous-contacter\/\" target=\"_blank\" rel=\"noopener noreferrer\">nous contacter.<\/a>","protected":false},"excerpt":{"rendered":"<p align=\"justify\">Nous ouvrons \u00e0 partir du 02 avril les inscriptions 2020\/2021 aux nouvelles familles. Le dossier est t\u00e9l\u00e9chargeable ici. La p\u00e9riode actuelle de fermeture de l&rsquo;\u00e9cole et de confinement de l&rsquo;\u00e9quipe nous oblige \u00e9videmment \u00e0 modifier la proc\u00e9dure d&rsquo;inscription. Si vous \u00eates int\u00e9ress\u00e9 pour une inscription, merci de nous contacter.<\/p>\n","protected":false},"author":3,"featured_media":4207,"comment_status":"open","ping_status":"open","sticky":false,"template":"","format":"standard","meta":{"site-sidebar-layout":"default","site-content-layout":"","ast-site-content-layout":"","site-content-style":"default","site-sidebar-style":"default","ast-global-header-display":"","ast-banner-title-visibility":"","ast-main-header-display":"","ast-hfb-above-header-display":"","ast-hfb-below-header-display":"","ast-hfb-mobile-header-display":"","site-post-title":"","ast-breadcrumbs-content":"","ast-featured-img":"","footer-sml-layout":"","theme-transparent-header-meta":"","adv-header-id-meta":"","stick-header-meta":"","header-above-stick-meta":"","header-main-stick-meta":"","header-below-stick-meta":"","astra-migrate-meta-layouts":"default","ast-page-background-enabled":"default","ast-page-background-meta":{"desktop":{"background-color":"var(--ast-global-color-4)","background-image":"","background-repeat":"repeat","background-position":"center center","background-size":"auto","background-attachment":"scroll","background-type":"","background-media":"","overlay-type":"","overlay-color":"","overlay-opacity":"","overlay-gradient":""},"tablet":{"background-color":"","background-image":"","background-repeat":"repeat","background-position":"center center","background-size":"auto","background-attachment":"scroll","background-type":"","background-media":"","overlay-type":"","overlay-color":"","overlay-opacity":"","overlay-gradient":""},"mobile":{"background-color":"","background-image":"","background-repeat":"repeat","background-position":"center center","background-size":"auto","background-attachment":"scroll","background-type":"","background-media":"","overlay-type":"","overlay-color":"","overlay-opacity":"","overlay-gradient":""}},"ast-content-background-meta":{"desktop":{"background-color":"var(--ast-global-color-5)","background-image":"","background-repeat":"repeat","background-position":"center center","background-size":"auto","background-attachment":"scroll","background-type":"","background-media":"","overlay-type":"","overlay-color":"","overlay-opacity":"","overlay-gradient":""},"tablet":{"background-color":"var(--ast-global-color-5)","background-image":"","background-repeat":"repeat","background-position":"center center","background-size":"auto","background-attachment":"scroll","background-type":"","background-media":"","overlay-type":"","overlay-color":"","overlay-opacity":"","overlay-gradient":""},"mobile":{"background-color":"var(--ast-global-color-5)","background-image":"","background-repeat":"repeat","background-position":"center center","background-size":"auto","background-attachment":"scroll","background-type":"","background-media":"","overlay-type":"","overlay-color":"","overlay-opacity":"","overlay-gradient":""}},"footnotes":""},"categories":[3,1],"tags":[],"class_list":["post-4202","post","type-post","status-publish","format-standard","has-post-thumbnail","hentry","category-actu","category-non-classe"],"yoast_head":"<!-- This site is optimized with the Yoast SEO plugin v23.9 - https:\/\/yoast.com\/wordpress\/plugins\/seo\/ -->\n<title>- Le dossier 2020\/2021 est t\u00e9l\u00e9chargeable pour les nouvelles familles !<\/title>\n<meta name=\"description\" content=\"L\u2019ENVOL est une \u00e9cole priv\u00e9e la\u00efque hors contrat \u00e0 p\u00e9dagogie coop\u00e9rative d\u2019inspiration Montessori et Freinet, situ\u00e9e sur la commune de St Saturnin du Bois, proche de Surg\u00e8res et de Niort dans le d\u00e9partement de la Charente Maritime (17).\" \/>\n<meta name=\"robots\" content=\"index, follow, max-snippet:-1, max-image-preview:large, max-video-preview:-1\" \/>\n<link rel=\"canonical\" href=\"https:\/\/www.enviedecole.fr\/index.php\/2020\/04\/01\/le-dossier-2020-2021-est-telechargeable-pour-les-nouvelles-familles\/\" \/>\n<meta property=\"og:locale\" content=\"fr_FR\" \/>\n<meta property=\"og:type\" content=\"article\" \/>\n<meta property=\"og:title\" content=\"- Le dossier 2020\/2021 est t\u00e9l\u00e9chargeable pour les nouvelles familles !\" \/>\n<meta property=\"og:description\" content=\"L\u2019ENVOL est une \u00e9cole priv\u00e9e la\u00efque hors contrat \u00e0 p\u00e9dagogie coop\u00e9rative d\u2019inspiration Montessori et Freinet, situ\u00e9e sur la commune de St Saturnin du Bois, proche de Surg\u00e8res et de Niort dans le d\u00e9partement de la Charente Maritime (17).\" \/>\n<meta property=\"og:url\" content=\"https:\/\/www.enviedecole.fr\/index.php\/2020\/04\/01\/le-dossier-2020-2021-est-telechargeable-pour-les-nouvelles-familles\/\" \/>\n<meta property=\"article:published_time\" content=\"2020-04-01T13:44:13+00:00\" \/>\n<meta property=\"article:modified_time\" content=\"2020-09-28T14:29:25+00:00\" \/>\n<meta property=\"og:image\" content=\"https:\/\/www.enviedecole.fr\/wp-content\/uploads\/2020\/04\/inscription-2020-2021.png\" \/>\n\t<meta property=\"og:image:width\" content=\"220\" \/>\n\t<meta property=\"og:image:height\" content=\"151\" \/>\n\t<meta property=\"og:image:type\" content=\"image\/png\" \/>\n<meta name=\"author\" content=\"Dimitri\" \/>\n<meta name=\"twitter:card\" content=\"summary_large_image\" \/>\n<meta name=\"twitter:label1\" content=\"\u00c9crit par\" \/>\n\t<meta name=\"twitter:data1\" content=\"Dimitri\" \/>\n<script type=\"application\/ld+json\" class=\"yoast-schema-graph\">{\"@context\":\"https:\/\/schema.org\",\"@graph\":[{\"@type\":\"Article\",\"@id\":\"https:\/\/www.enviedecole.fr\/index.php\/2020\/04\/01\/le-dossier-2020-2021-est-telechargeable-pour-les-nouvelles-familles\/#article\",\"isPartOf\":{\"@id\":\"https:\/\/www.enviedecole.fr\/index.php\/2020\/04\/01\/le-dossier-2020-2021-est-telechargeable-pour-les-nouvelles-familles\/\"},\"author\":{\"name\":\"Dimitri\",\"@id\":\"https:\/\/www.enviedecole.fr\/#\/schema\/person\/3141deeb74550f8286111a4c445da987\"},\"headline\":\"Le dossier 2020\/2021 est t\u00e9l\u00e9chargeable pour les nouvelles familles !\",\"datePublished\":\"2020-04-01T13:44:13+00:00\",\"dateModified\":\"2020-09-28T14:29:25+00:00\",\"mainEntityOfPage\":{\"@id\":\"https:\/\/www.enviedecole.fr\/index.php\/2020\/04\/01\/le-dossier-2020-2021-est-telechargeable-pour-les-nouvelles-familles\/\"},\"wordCount\":62,\"commentCount\":0,\"publisher\":{\"@id\":\"https:\/\/www.enviedecole.fr\/#organization\"},\"image\":{\"@id\":\"https:\/\/www.enviedecole.fr\/index.php\/2020\/04\/01\/le-dossier-2020-2021-est-telechargeable-pour-les-nouvelles-familles\/#primaryimage\"},\"thumbnailUrl\":\"https:\/\/www.enviedecole.fr\/wp-content\/uploads\/2020\/04\/inscription-2020-2021.png\",\"articleSection\":[\"actu\"],\"inLanguage\":\"fr-FR\",\"potentialAction\":[{\"@type\":\"CommentAction\",\"name\":\"Comment\",\"target\":[\"https:\/\/www.enviedecole.fr\/index.php\/2020\/04\/01\/le-dossier-2020-2021-est-telechargeable-pour-les-nouvelles-familles\/#respond\"]}]},{\"@type\":\"WebPage\",\"@id\":\"https:\/\/www.enviedecole.fr\/index.php\/2020\/04\/01\/le-dossier-2020-2021-est-telechargeable-pour-les-nouvelles-familles\/\",\"url\":\"https:\/\/www.enviedecole.fr\/index.php\/2020\/04\/01\/le-dossier-2020-2021-est-telechargeable-pour-les-nouvelles-familles\/\",\"name\":\"- Le dossier 2020\/2021 est t\u00e9l\u00e9chargeable pour les nouvelles familles !\",\"isPartOf\":{\"@id\":\"https:\/\/www.enviedecole.fr\/#website\"},\"primaryImageOfPage\":{\"@id\":\"https:\/\/www.enviedecole.fr\/index.php\/2020\/04\/01\/le-dossier-2020-2021-est-telechargeable-pour-les-nouvelles-familles\/#primaryimage\"},\"image\":{\"@id\":\"https:\/\/www.enviedecole.fr\/index.php\/2020\/04\/01\/le-dossier-2020-2021-est-telechargeable-pour-les-nouvelles-familles\/#primaryimage\"},\"thumbnailUrl\":\"https:\/\/www.enviedecole.fr\/wp-content\/uploads\/2020\/04\/inscription-2020-2021.png\",\"datePublished\":\"2020-04-01T13:44:13+00:00\",\"dateModified\":\"2020-09-28T14:29:25+00:00\",\"description\":\"L\u2019ENVOL est une \u00e9cole priv\u00e9e la\u00efque hors contrat \u00e0 p\u00e9dagogie coop\u00e9rative d\u2019inspiration Montessori et Freinet, situ\u00e9e sur la commune de St Saturnin du Bois, proche de Surg\u00e8res et de Niort dans le d\u00e9partement de la Charente Maritime (17).\",\"breadcrumb\":{\"@id\":\"https:\/\/www.enviedecole.fr\/index.php\/2020\/04\/01\/le-dossier-2020-2021-est-telechargeable-pour-les-nouvelles-familles\/#breadcrumb\"},\"inLanguage\":\"fr-FR\",\"potentialAction\":[{\"@type\":\"ReadAction\",\"target\":[\"https:\/\/www.enviedecole.fr\/index.php\/2020\/04\/01\/le-dossier-2020-2021-est-telechargeable-pour-les-nouvelles-familles\/\"]}]},{\"@type\":\"ImageObject\",\"inLanguage\":\"fr-FR\",\"@id\":\"https:\/\/www.enviedecole.fr\/index.php\/2020\/04\/01\/le-dossier-2020-2021-est-telechargeable-pour-les-nouvelles-familles\/#primaryimage\",\"url\":\"https:\/\/www.enviedecole.fr\/wp-content\/uploads\/2020\/04\/inscription-2020-2021.png\",\"contentUrl\":\"https:\/\/www.enviedecole.fr\/wp-content\/uploads\/2020\/04\/inscription-2020-2021.png\",\"width\":220,\"height\":151},{\"@type\":\"BreadcrumbList\",\"@id\":\"https:\/\/www.enviedecole.fr\/index.php\/2020\/04\/01\/le-dossier-2020-2021-est-telechargeable-pour-les-nouvelles-familles\/#breadcrumb\",\"itemListElement\":[{\"@type\":\"ListItem\",\"position\":1,\"name\":\"Accueil\",\"item\":\"https:\/\/www.enviedecole.fr\/\"},{\"@type\":\"ListItem\",\"position\":2,\"name\":\"Le dossier 2020\/2021 est t\u00e9l\u00e9chargeable pour les nouvelles familles !\"}]},{\"@type\":\"WebSite\",\"@id\":\"https:\/\/www.enviedecole.fr\/#website\",\"url\":\"https:\/\/www.enviedecole.fr\/\",\"name\":\"En Vie d'Ecole\",\"description\":\"\",\"publisher\":{\"@id\":\"https:\/\/www.enviedecole.fr\/#organization\"},\"potentialAction\":[{\"@type\":\"SearchAction\",\"target\":{\"@type\":\"EntryPoint\",\"urlTemplate\":\"https:\/\/www.enviedecole.fr\/?s={search_term_string}\"},\"query-input\":{\"@type\":\"PropertyValueSpecification\",\"valueRequired\":true,\"valueName\":\"search_term_string\"}}],\"inLanguage\":\"fr-FR\"},{\"@type\":\"Organization\",\"@id\":\"https:\/\/www.enviedecole.fr\/#organization\",\"name\":\"En vie d\u2019\u00e9cole\",\"url\":\"https:\/\/www.enviedecole.fr\/\",\"logo\":{\"@type\":\"ImageObject\",\"inLanguage\":\"fr-FR\",\"@id\":\"https:\/\/www.enviedecole.fr\/#\/schema\/logo\/image\/\",\"url\":\"https:\/\/www.enviedecole.fr\/wp-content\/uploads\/2018\/10\/logo_texte_bas.jpg\",\"contentUrl\":\"https:\/\/www.enviedecole.fr\/wp-content\/uploads\/2018\/10\/logo_texte_bas.jpg\",\"width\":266,\"height\":284,\"caption\":\"En vie d\u2019\u00e9cole\"},\"image\":{\"@id\":\"https:\/\/www.enviedecole.fr\/#\/schema\/logo\/image\/\"}},{\"@type\":\"Person\",\"@id\":\"https:\/\/www.enviedecole.fr\/#\/schema\/person\/3141deeb74550f8286111a4c445da987\",\"name\":\"Dimitri\",\"image\":{\"@type\":\"ImageObject\",\"inLanguage\":\"fr-FR\",\"@id\":\"https:\/\/www.enviedecole.fr\/#\/schema\/person\/image\/\",\"url\":\"https:\/\/secure.gravatar.com\/avatar\/d3a3675328bd8b4593471d65873b60bb?s=96&d=mm&r=g\",\"contentUrl\":\"https:\/\/secure.gravatar.com\/avatar\/d3a3675328bd8b4593471d65873b60bb?s=96&d=mm&r=g\",\"caption\":\"Dimitri\"},\"description\":\"Dimitri EXERTIER, responsable administratif et financier de l'\u00e9cole L'ENVOL et partisan des p\u00e9dagogies coop\u00e9ratives :)\"}]}<\/script>\n<!-- \/ Yoast SEO plugin. -->","yoast_head_json":{"title":"- Le dossier 2020\/2021 est t\u00e9l\u00e9chargeable pour les nouvelles familles !","description":"L\u2019ENVOL est une \u00e9cole priv\u00e9e la\u00efque hors contrat \u00e0 p\u00e9dagogie coop\u00e9rative d\u2019inspiration Montessori et Freinet, situ\u00e9e sur la commune de St Saturnin du Bois, proche de Surg\u00e8res et de Niort dans le d\u00e9partement de la Charente Maritime (17).","robots":{"index":"index","follow":"follow","max-snippet":"max-snippet:-1","max-image-preview":"max-image-preview:large","max-video-preview":"max-video-preview:-1"},"canonical":"https:\/\/www.enviedecole.fr\/index.php\/2020\/04\/01\/le-dossier-2020-2021-est-telechargeable-pour-les-nouvelles-familles\/","og_locale":"fr_FR","og_type":"article","og_title":"- Le dossier 2020\/2021 est t\u00e9l\u00e9chargeable pour les nouvelles familles !","og_description":"L\u2019ENVOL est une \u00e9cole priv\u00e9e la\u00efque hors contrat \u00e0 p\u00e9dagogie coop\u00e9rative d\u2019inspiration Montessori et Freinet, situ\u00e9e sur la commune de St Saturnin du Bois, proche de Surg\u00e8res et de Niort dans le d\u00e9partement de la Charente Maritime (17).","og_url":"https:\/\/www.enviedecole.fr\/index.php\/2020\/04\/01\/le-dossier-2020-2021-est-telechargeable-pour-les-nouvelles-familles\/","article_published_time":"2020-04-01T13:44:13+00:00","article_modified_time":"2020-09-28T14:29:25+00:00","og_image":[{"width":220,"height":151,"url":"https:\/\/www.enviedecole.fr\/wp-content\/uploads\/2020\/04\/inscription-2020-2021.png","type":"image\/png"}],"author":"Dimitri","twitter_card":"summary_large_image","twitter_misc":{"\u00c9crit par":"Dimitri"},"schema":{"@context":"https:\/\/schema.org","@graph":[{"@type":"Article","@id":"https:\/\/www.enviedecole.fr\/index.php\/2020\/04\/01\/le-dossier-2020-2021-est-telechargeable-pour-les-nouvelles-familles\/#article","isPartOf":{"@id":"https:\/\/www.enviedecole.fr\/index.php\/2020\/04\/01\/le-dossier-2020-2021-est-telechargeable-pour-les-nouvelles-familles\/"},"author":{"name":"Dimitri","@id":"https:\/\/www.enviedecole.fr\/#\/schema\/person\/3141deeb74550f8286111a4c445da987"},"headline":"Le dossier 2020\/2021 est t\u00e9l\u00e9chargeable pour les nouvelles familles !","datePublished":"2020-04-01T13:44:13+00:00","dateModified":"2020-09-28T14:29:25+00:00","mainEntityOfPage":{"@id":"https:\/\/www.enviedecole.fr\/index.php\/2020\/04\/01\/le-dossier-2020-2021-est-telechargeable-pour-les-nouvelles-familles\/"},"wordCount":62,"commentCount":0,"publisher":{"@id":"https:\/\/www.enviedecole.fr\/#organization"},"image":{"@id":"https:\/\/www.enviedecole.fr\/index.php\/2020\/04\/01\/le-dossier-2020-2021-est-telechargeable-pour-les-nouvelles-familles\/#primaryimage"},"thumbnailUrl":"https:\/\/www.enviedecole.fr\/wp-content\/uploads\/2020\/04\/inscription-2020-2021.png","articleSection":["actu"],"inLanguage":"fr-FR","potentialAction":[{"@type":"CommentAction","name":"Comment","target":["https:\/\/www.enviedecole.fr\/index.php\/2020\/04\/01\/le-dossier-2020-2021-est-telechargeable-pour-les-nouvelles-familles\/#respond"]}]},{"@type":"WebPage","@id":"https:\/\/www.enviedecole.fr\/index.php\/2020\/04\/01\/le-dossier-2020-2021-est-telechargeable-pour-les-nouvelles-familles\/","url":"https:\/\/www.enviedecole.fr\/index.php\/2020\/04\/01\/le-dossier-2020-2021-est-telechargeable-pour-les-nouvelles-familles\/","name":"- Le dossier 2020\/2021 est t\u00e9l\u00e9chargeable pour les nouvelles familles !","isPartOf":{"@id":"https:\/\/www.enviedecole.fr\/#website"},"primaryImageOfPage":{"@id":"https:\/\/www.enviedecole.fr\/index.php\/2020\/04\/01\/le-dossier-2020-2021-est-telechargeable-pour-les-nouvelles-familles\/#primaryimage"},"image":{"@id":"https:\/\/www.enviedecole.fr\/index.php\/2020\/04\/01\/le-dossier-2020-2021-est-telechargeable-pour-les-nouvelles-familles\/#primaryimage"},"thumbnailUrl":"https:\/\/www.enviedecole.fr\/wp-content\/uploads\/2020\/04\/inscription-2020-2021.png","datePublished":"2020-04-01T13:44:13+00:00","dateModified":"2020-09-28T14:29:25+00:00","description":"L\u2019ENVOL est une \u00e9cole priv\u00e9e la\u00efque hors contrat \u00e0 p\u00e9dagogie coop\u00e9rative d\u2019inspiration Montessori et Freinet, situ\u00e9e sur la commune de St Saturnin du Bois, proche de Surg\u00e8res et de Niort dans le d\u00e9partement de la Charente Maritime (17).","breadcrumb":{"@id":"https:\/\/www.enviedecole.fr\/index.php\/2020\/04\/01\/le-dossier-2020-2021-est-telechargeable-pour-les-nouvelles-familles\/#breadcrumb"},"inLanguage":"fr-FR","potentialAction":[{"@type":"ReadAction","target":["https:\/\/www.enviedecole.fr\/index.php\/2020\/04\/01\/le-dossier-2020-2021-est-telechargeable-pour-les-nouvelles-familles\/"]}]},{"@type":"ImageObject","inLanguage":"fr-FR","@id":"https:\/\/www.enviedecole.fr\/index.php\/2020\/04\/01\/le-dossier-2020-2021-est-telechargeable-pour-les-nouvelles-familles\/#primaryimage","url":"https:\/\/www.enviedecole.fr\/wp-content\/uploads\/2020\/04\/inscription-2020-2021.png","contentUrl":"https:\/\/www.enviedecole.fr\/wp-content\/uploads\/2020\/04\/inscription-2020-2021.png","width":220,"height":151},{"@type":"BreadcrumbList","@id":"https:\/\/www.enviedecole.fr\/index.php\/2020\/04\/01\/le-dossier-2020-2021-est-telechargeable-pour-les-nouvelles-familles\/#breadcrumb","itemListElement":[{"@type":"ListItem","position":1,"name":"Accueil","item":"https:\/\/www.enviedecole.fr\/"},{"@type":"ListItem","position":2,"name":"Le dossier 2020\/2021 est t\u00e9l\u00e9chargeable pour les nouvelles familles !"}]},{"@type":"WebSite","@id":"https:\/\/www.enviedecole.fr\/#website","url":"https:\/\/www.enviedecole.fr\/","name":"En Vie d'Ecole","description":"","publisher":{"@id":"https:\/\/www.enviedecole.fr\/#organization"},"potentialAction":[{"@type":"SearchAction","target":{"@type":"EntryPoint","urlTemplate":"https:\/\/www.enviedecole.fr\/?s={search_term_string}"},"query-input":{"@type":"PropertyValueSpecification","valueRequired":true,"valueName":"search_term_string"}}],"inLanguage":"fr-FR"},{"@type":"Organization","@id":"https:\/\/www.enviedecole.fr\/#organization","name":"En vie d\u2019\u00e9cole","url":"https:\/\/www.enviedecole.fr\/","logo":{"@type":"ImageObject","inLanguage":"fr-FR","@id":"https:\/\/www.enviedecole.fr\/#\/schema\/logo\/image\/","url":"https:\/\/www.enviedecole.fr\/wp-content\/uploads\/2018\/10\/logo_texte_bas.jpg","contentUrl":"https:\/\/www.enviedecole.fr\/wp-content\/uploads\/2018\/10\/logo_texte_bas.jpg","width":266,"height":284,"caption":"En vie d\u2019\u00e9cole"},"image":{"@id":"https:\/\/www.enviedecole.fr\/#\/schema\/logo\/image\/"}},{"@type":"Person","@id":"https:\/\/www.enviedecole.fr\/#\/schema\/person\/3141deeb74550f8286111a4c445da987","name":"Dimitri","image":{"@type":"ImageObject","inLanguage":"fr-FR","@id":"https:\/\/www.enviedecole.fr\/#\/schema\/person\/image\/","url":"https:\/\/secure.gravatar.com\/avatar\/d3a3675328bd8b4593471d65873b60bb?s=96&d=mm&r=g","contentUrl":"https:\/\/secure.gravatar.com\/avatar\/d3a3675328bd8b4593471d65873b60bb?s=96&d=mm&r=g","caption":"Dimitri"},"description":"Dimitri EXERTIER, responsable administratif et financier de l'\u00e9cole L'ENVOL et partisan des p\u00e9dagogies coop\u00e9ratives :)"}]}},"_links":{"self":[{"href":"https:\/\/www.enviedecole.fr\/index.php\/wp-json\/wp\/v2\/posts\/4202"}],"collection":[{"href":"https:\/\/www.enviedecole.fr\/index.php\/wp-json\/wp\/v2\/posts"}],"about":[{"href":"https:\/\/www.enviedecole.fr\/index.php\/wp-json\/wp\/v2\/types\/post"}],"author":[{"embeddable":true,"href":"https:\/\/www.enviedecole.fr\/index.php\/wp-json\/wp\/v2\/users\/3"}],"replies":[{"embeddable":true,"href":"https:\/\/www.enviedecole.fr\/index.php\/wp-json\/wp\/v2\/comments?post=4202"}],"version-history":[{"count":0,"href":"https:\/\/www.enviedecole.fr\/index.php\/wp-json\/wp\/v2\/posts\/4202\/revisions"}],"wp:featuredmedia":[{"embeddable":true,"href":"https:\/\/www.enviedecole.fr\/index.php\/wp-json\/wp\/v2\/media\/4207"}],"wp:attachment":[{"href":"https:\/\/www.enviedecole.fr\/index.php\/wp-json\/wp\/v2\/media?parent=4202"}],"wp:term":[{"taxonomy":"category","embeddable":true,"href":"https:\/\/www.enviedecole.fr\/index.php\/wp-json\/wp\/v2\/categories?post=4202"},{"taxonomy":"post_tag","embeddable":true,"href":"https:\/\/www.enviedecole.fr\/index.php\/wp-json\/wp\/v2\/tags?post=4202"}],"curies":[{"name":"wp","href":"https:\/\/api.w.org\/{rel}","templated":true}]}}