{"id":3979,"date":"2020-03-17T09:38:42","date_gmt":"2020-03-17T08:38:42","guid":{"rendered":"https:\/\/www.enviedecole.fr\/?p=3979"},"modified":"2020-08-28T19:43:20","modified_gmt":"2020-08-28T17:43:20","slug":"ecole-fermee-equipe-mobilisee","status":"publish","type":"post","link":"https:\/\/www.enviedecole.fr\/index.php\/2020\/03\/17\/ecole-fermee-equipe-mobilisee\/","title":{"rendered":"\u00c9cole ferm\u00e9e, \u00e9quipe mobilis\u00e9e !"},"content":{"rendered":"<div style=\"text-align: justify;\">Comme toutes les \u00e9coles de France, L&rsquo;ENVOL est ferm\u00e9e depuis le lundi 16 mars, et ce pour une dur\u00e9e ind\u00e9termin\u00e9e, afin de limiter la propagation du coronavirus. <br \/>\r\n<br \/>\r\n<\/div>\r\n<div style=\"text-align: justify;\">Pendant toute la dur\u00e9e de fermeture de l&rsquo;\u00e9cole, l&rsquo;\u00e9quipe restera au travail, notamment pour assurer \u00e0 distance un suivi p\u00e9dagogique individualis\u00e9 des enfants. <br \/>\r\n<br \/>\r\n<span style=\"text-decoration: underline;\"><strong>Pour les inscriptions 2020\/2021, il reste possible de contacter l&rsquo;\u00e9quipe par mail pour avoir des informations.<\/strong> <\/span><br \/>\r\n<br \/>\r\n<\/div>\r\n<div style=\"text-align: justify;\">\u0152uvrons ensemble pour faire de cette situation inconfortable une exp\u00e9rience de vie enrichissante, en ce qu&rsquo;elle peut recentrer la vie sur ses priorit\u00e9s les plus fondamentales : la bonne sant\u00e9 de tous, la solidarit\u00e9, le temps partag\u00e9 avec les \u00eatres aim\u00e9s.<br \/>\r\n<br \/>\r\nA tr\u00e8s vite !<\/div>","protected":false},"excerpt":{"rendered":"<p align=\"justify\">Comme toutes les \u00e9coles de France, L&rsquo;ENVOL est ferm\u00e9e depuis le lundi 16 mars, et ce pour une dur\u00e9e ind\u00e9termin\u00e9e, afin de limiter la propagation du coronavirus. Pendant toute la dur\u00e9e de fermeture de l&rsquo;\u00e9cole, l&rsquo;\u00e9quipe restera au travail, notamment pour assurer \u00e0 distance un suivi p\u00e9dagogique individualis\u00e9 des enfants.<\/p>\n<p><B>Pour les inscriptions 2020\/2021, il reste possible de contacter l&rsquo;\u00e9quipe par mail pour avoir des informations. <\/B> <\/p>\n<p>\u0152uvrons ensemble pour faire de cette situation inconfortable une exp\u00e9rience de vie enrichissante, en ce qu&rsquo;elle peut recentrer la vie sur ses priorit\u00e9s les plus fondamentales : la bonne sant\u00e9 de tous, la solidarit\u00e9, le temps partag\u00e9 avec les \u00eatres aim\u00e9s. A tr\u00e8s vite !<\/p>\n","protected":false},"author":3,"featured_media":3926,"comment_status":"open","ping_status":"open","sticky":false,"template":"","format":"standard","meta":{"site-sidebar-layout":"default","site-content-layout":"","ast-site-content-layout":"","site-content-style":"default","site-sidebar-style":"default","ast-global-header-display":"","ast-banner-title-visibility":"","ast-main-header-display":"","ast-hfb-above-header-display":"","ast-hfb-below-header-display":"","ast-hfb-mobile-header-display":"","site-post-title":"","ast-breadcrumbs-content":"","ast-featured-img":"","footer-sml-layout":"","theme-transparent-header-meta":"","adv-header-id-meta":"","stick-header-meta":"","header-above-stick-meta":"","header-main-stick-meta":"","header-below-stick-meta":"","astra-migrate-meta-layouts":"default","ast-page-background-enabled":"default","ast-page-background-meta":{"desktop":{"background-color":"var(--ast-global-color-4)","background-image":"","background-repeat":"repeat","background-position":"center center","background-size":"auto","background-attachment":"scroll","background-type":"","background-media":"","overlay-type":"","overlay-color":"","overlay-opacity":"","overlay-gradient":""},"tablet":{"background-color":"","background-image":"","background-repeat":"repeat","background-position":"center center","background-size":"auto","background-attachment":"scroll","background-type":"","background-media":"","overlay-type":"","overlay-color":"","overlay-opacity":"","overlay-gradient":""},"mobile":{"background-color":"","background-image":"","background-repeat":"repeat","background-position":"center center","background-size":"auto","background-attachment":"scroll","background-type":"","background-media":"","overlay-type":"","overlay-color":"","overlay-opacity":"","overlay-gradient":""}},"ast-content-background-meta":{"desktop":{"background-color":"var(--ast-global-color-5)","background-image":"","background-repeat":"repeat","background-position":"center center","background-size":"auto","background-attachment":"scroll","background-type":"","background-media":"","overlay-type":"","overlay-color":"","overlay-opacity":"","overlay-gradient":""},"tablet":{"background-color":"var(--ast-global-color-5)","background-image":"","background-repeat":"repeat","background-position":"center center","background-size":"auto","background-attachment":"scroll","background-type":"","background-media":"","overlay-type":"","overlay-color":"","overlay-opacity":"","overlay-gradient":""},"mobile":{"background-color":"var(--ast-global-color-5)","background-image":"","background-repeat":"repeat","background-position":"center center","background-size":"auto","background-attachment":"scroll","background-type":"","background-media":"","overlay-type":"","overlay-color":"","overlay-opacity":"","overlay-gradient":""}},"footnotes":""},"categories":[3],"tags":[],"class_list":["post-3979","post","type-post","status-publish","format-standard","has-post-thumbnail","hentry","category-actu"],"yoast_head":"<!-- This site is optimized with the Yoast SEO plugin v23.9 - https:\/\/yoast.com\/wordpress\/plugins\/seo\/ -->\n<title>- \u00c9cole ferm\u00e9e, \u00e9quipe mobilis\u00e9e !<\/title>\n<meta name=\"description\" content=\"L\u2019ENVOL est une \u00e9cole priv\u00e9e la\u00efque hors contrat \u00e0 p\u00e9dagogie coop\u00e9rative d\u2019inspiration Montessori et Freinet, situ\u00e9e sur la commune de St Saturnin du Bois, proche de Surg\u00e8res et de Niort dans le d\u00e9partement de la Charente Maritime (17).\" \/>\n<meta name=\"robots\" content=\"index, follow, max-snippet:-1, max-image-preview:large, max-video-preview:-1\" \/>\n<link rel=\"canonical\" href=\"https:\/\/www.enviedecole.fr\/index.php\/2020\/03\/17\/ecole-fermee-equipe-mobilisee\/\" \/>\n<meta property=\"og:locale\" content=\"fr_FR\" \/>\n<meta property=\"og:type\" content=\"article\" \/>\n<meta property=\"og:title\" content=\"- \u00c9cole ferm\u00e9e, \u00e9quipe mobilis\u00e9e !\" \/>\n<meta property=\"og:description\" content=\"L\u2019ENVOL est une \u00e9cole priv\u00e9e la\u00efque hors contrat \u00e0 p\u00e9dagogie coop\u00e9rative d\u2019inspiration Montessori et Freinet, situ\u00e9e sur la commune de St Saturnin du Bois, proche de Surg\u00e8res et de Niort dans le d\u00e9partement de la Charente Maritime (17).\" \/>\n<meta property=\"og:url\" content=\"https:\/\/www.enviedecole.fr\/index.php\/2020\/03\/17\/ecole-fermee-equipe-mobilisee\/\" \/>\n<meta property=\"article:published_time\" content=\"2020-03-17T08:38:42+00:00\" \/>\n<meta property=\"article:modified_time\" content=\"2020-08-28T17:43:20+00:00\" \/>\n<meta property=\"og:image\" content=\"https:\/\/www.enviedecole.fr\/wp-content\/uploads\/2020\/03\/Envol_NL20_focus_ecole-1.jpg\" \/>\n\t<meta property=\"og:image:width\" content=\"956\" \/>\n\t<meta property=\"og:image:height\" content=\"610\" \/>\n\t<meta property=\"og:image:type\" content=\"image\/jpeg\" \/>\n<meta name=\"author\" content=\"Dimitri\" \/>\n<meta name=\"twitter:card\" content=\"summary_large_image\" \/>\n<meta name=\"twitter:label1\" content=\"\u00c9crit par\" \/>\n\t<meta name=\"twitter:data1\" content=\"Dimitri\" \/>\n\t<meta name=\"twitter:label2\" content=\"Dur\u00e9e de lecture estim\u00e9e\" \/>\n\t<meta name=\"twitter:data2\" content=\"1 minute\" \/>\n<script type=\"application\/ld+json\" class=\"yoast-schema-graph\">{\"@context\":\"https:\/\/schema.org\",\"@graph\":[{\"@type\":\"Article\",\"@id\":\"https:\/\/www.enviedecole.fr\/index.php\/2020\/03\/17\/ecole-fermee-equipe-mobilisee\/#article\",\"isPartOf\":{\"@id\":\"https:\/\/www.enviedecole.fr\/index.php\/2020\/03\/17\/ecole-fermee-equipe-mobilisee\/\"},\"author\":{\"name\":\"Dimitri\",\"@id\":\"https:\/\/www.enviedecole.fr\/#\/schema\/person\/3141deeb74550f8286111a4c445da987\"},\"headline\":\"\u00c9cole ferm\u00e9e, \u00e9quipe mobilis\u00e9e !\",\"datePublished\":\"2020-03-17T08:38:42+00:00\",\"dateModified\":\"2020-08-28T17:43:20+00:00\",\"mainEntityOfPage\":{\"@id\":\"https:\/\/www.enviedecole.fr\/index.php\/2020\/03\/17\/ecole-fermee-equipe-mobilisee\/\"},\"wordCount\":125,\"commentCount\":0,\"publisher\":{\"@id\":\"https:\/\/www.enviedecole.fr\/#organization\"},\"image\":{\"@id\":\"https:\/\/www.enviedecole.fr\/index.php\/2020\/03\/17\/ecole-fermee-equipe-mobilisee\/#primaryimage\"},\"thumbnailUrl\":\"https:\/\/www.enviedecole.fr\/wp-content\/uploads\/2020\/03\/Envol_NL20_focus_ecole-1.jpg\",\"articleSection\":[\"actu\"],\"inLanguage\":\"fr-FR\",\"potentialAction\":[{\"@type\":\"CommentAction\",\"name\":\"Comment\",\"target\":[\"https:\/\/www.enviedecole.fr\/index.php\/2020\/03\/17\/ecole-fermee-equipe-mobilisee\/#respond\"]}]},{\"@type\":\"WebPage\",\"@id\":\"https:\/\/www.enviedecole.fr\/index.php\/2020\/03\/17\/ecole-fermee-equipe-mobilisee\/\",\"url\":\"https:\/\/www.enviedecole.fr\/index.php\/2020\/03\/17\/ecole-fermee-equipe-mobilisee\/\",\"name\":\"- \u00c9cole ferm\u00e9e, \u00e9quipe mobilis\u00e9e !\",\"isPartOf\":{\"@id\":\"https:\/\/www.enviedecole.fr\/#website\"},\"primaryImageOfPage\":{\"@id\":\"https:\/\/www.enviedecole.fr\/index.php\/2020\/03\/17\/ecole-fermee-equipe-mobilisee\/#primaryimage\"},\"image\":{\"@id\":\"https:\/\/www.enviedecole.fr\/index.php\/2020\/03\/17\/ecole-fermee-equipe-mobilisee\/#primaryimage\"},\"thumbnailUrl\":\"https:\/\/www.enviedecole.fr\/wp-content\/uploads\/2020\/03\/Envol_NL20_focus_ecole-1.jpg\",\"datePublished\":\"2020-03-17T08:38:42+00:00\",\"dateModified\":\"2020-08-28T17:43:20+00:00\",\"description\":\"L\u2019ENVOL est une \u00e9cole priv\u00e9e la\u00efque hors contrat \u00e0 p\u00e9dagogie coop\u00e9rative d\u2019inspiration Montessori et Freinet, situ\u00e9e sur la commune de St Saturnin du Bois, proche de Surg\u00e8res et de Niort dans le d\u00e9partement de la Charente Maritime (17).\",\"breadcrumb\":{\"@id\":\"https:\/\/www.enviedecole.fr\/index.php\/2020\/03\/17\/ecole-fermee-equipe-mobilisee\/#breadcrumb\"},\"inLanguage\":\"fr-FR\",\"potentialAction\":[{\"@type\":\"ReadAction\",\"target\":[\"https:\/\/www.enviedecole.fr\/index.php\/2020\/03\/17\/ecole-fermee-equipe-mobilisee\/\"]}]},{\"@type\":\"ImageObject\",\"inLanguage\":\"fr-FR\",\"@id\":\"https:\/\/www.enviedecole.fr\/index.php\/2020\/03\/17\/ecole-fermee-equipe-mobilisee\/#primaryimage\",\"url\":\"https:\/\/www.enviedecole.fr\/wp-content\/uploads\/2020\/03\/Envol_NL20_focus_ecole-1.jpg\",\"contentUrl\":\"https:\/\/www.enviedecole.fr\/wp-content\/uploads\/2020\/03\/Envol_NL20_focus_ecole-1.jpg\",\"width\":956,\"height\":610},{\"@type\":\"BreadcrumbList\",\"@id\":\"https:\/\/www.enviedecole.fr\/index.php\/2020\/03\/17\/ecole-fermee-equipe-mobilisee\/#breadcrumb\",\"itemListElement\":[{\"@type\":\"ListItem\",\"position\":1,\"name\":\"Accueil\",\"item\":\"https:\/\/www.enviedecole.fr\/\"},{\"@type\":\"ListItem\",\"position\":2,\"name\":\"\u00c9cole ferm\u00e9e, \u00e9quipe mobilis\u00e9e !\"}]},{\"@type\":\"WebSite\",\"@id\":\"https:\/\/www.enviedecole.fr\/#website\",\"url\":\"https:\/\/www.enviedecole.fr\/\",\"name\":\"En Vie d'Ecole\",\"description\":\"\",\"publisher\":{\"@id\":\"https:\/\/www.enviedecole.fr\/#organization\"},\"potentialAction\":[{\"@type\":\"SearchAction\",\"target\":{\"@type\":\"EntryPoint\",\"urlTemplate\":\"https:\/\/www.enviedecole.fr\/?s={search_term_string}\"},\"query-input\":{\"@type\":\"PropertyValueSpecification\",\"valueRequired\":true,\"valueName\":\"search_term_string\"}}],\"inLanguage\":\"fr-FR\"},{\"@type\":\"Organization\",\"@id\":\"https:\/\/www.enviedecole.fr\/#organization\",\"name\":\"En vie d\u2019\u00e9cole\",\"url\":\"https:\/\/www.enviedecole.fr\/\",\"logo\":{\"@type\":\"ImageObject\",\"inLanguage\":\"fr-FR\",\"@id\":\"https:\/\/www.enviedecole.fr\/#\/schema\/logo\/image\/\",\"url\":\"https:\/\/www.enviedecole.fr\/wp-content\/uploads\/2018\/10\/logo_texte_bas.jpg\",\"contentUrl\":\"https:\/\/www.enviedecole.fr\/wp-content\/uploads\/2018\/10\/logo_texte_bas.jpg\",\"width\":266,\"height\":284,\"caption\":\"En vie d\u2019\u00e9cole\"},\"image\":{\"@id\":\"https:\/\/www.enviedecole.fr\/#\/schema\/logo\/image\/\"}},{\"@type\":\"Person\",\"@id\":\"https:\/\/www.enviedecole.fr\/#\/schema\/person\/3141deeb74550f8286111a4c445da987\",\"name\":\"Dimitri\",\"image\":{\"@type\":\"ImageObject\",\"inLanguage\":\"fr-FR\",\"@id\":\"https:\/\/www.enviedecole.fr\/#\/schema\/person\/image\/\",\"url\":\"https:\/\/secure.gravatar.com\/avatar\/d3a3675328bd8b4593471d65873b60bb?s=96&d=mm&r=g\",\"contentUrl\":\"https:\/\/secure.gravatar.com\/avatar\/d3a3675328bd8b4593471d65873b60bb?s=96&d=mm&r=g\",\"caption\":\"Dimitri\"},\"description\":\"Dimitri EXERTIER, responsable administratif et financier de l'\u00e9cole L'ENVOL et partisan des p\u00e9dagogies coop\u00e9ratives :)\"}]}<\/script>\n<!-- \/ Yoast SEO plugin. -->","yoast_head_json":{"title":"- \u00c9cole ferm\u00e9e, \u00e9quipe mobilis\u00e9e !","description":"L\u2019ENVOL est une \u00e9cole priv\u00e9e la\u00efque hors contrat \u00e0 p\u00e9dagogie coop\u00e9rative d\u2019inspiration Montessori et Freinet, situ\u00e9e sur la commune de St Saturnin du Bois, proche de Surg\u00e8res et de Niort dans le d\u00e9partement de la Charente Maritime (17).","robots":{"index":"index","follow":"follow","max-snippet":"max-snippet:-1","max-image-preview":"max-image-preview:large","max-video-preview":"max-video-preview:-1"},"canonical":"https:\/\/www.enviedecole.fr\/index.php\/2020\/03\/17\/ecole-fermee-equipe-mobilisee\/","og_locale":"fr_FR","og_type":"article","og_title":"- \u00c9cole ferm\u00e9e, \u00e9quipe mobilis\u00e9e !","og_description":"L\u2019ENVOL est une \u00e9cole priv\u00e9e la\u00efque hors contrat \u00e0 p\u00e9dagogie coop\u00e9rative d\u2019inspiration Montessori et Freinet, situ\u00e9e sur la commune de St Saturnin du Bois, proche de Surg\u00e8res et de Niort dans le d\u00e9partement de la Charente Maritime (17).","og_url":"https:\/\/www.enviedecole.fr\/index.php\/2020\/03\/17\/ecole-fermee-equipe-mobilisee\/","article_published_time":"2020-03-17T08:38:42+00:00","article_modified_time":"2020-08-28T17:43:20+00:00","og_image":[{"width":956,"height":610,"url":"https:\/\/www.enviedecole.fr\/wp-content\/uploads\/2020\/03\/Envol_NL20_focus_ecole-1.jpg","type":"image\/jpeg"}],"author":"Dimitri","twitter_card":"summary_large_image","twitter_misc":{"\u00c9crit par":"Dimitri","Dur\u00e9e de lecture estim\u00e9e":"1 minute"},"schema":{"@context":"https:\/\/schema.org","@graph":[{"@type":"Article","@id":"https:\/\/www.enviedecole.fr\/index.php\/2020\/03\/17\/ecole-fermee-equipe-mobilisee\/#article","isPartOf":{"@id":"https:\/\/www.enviedecole.fr\/index.php\/2020\/03\/17\/ecole-fermee-equipe-mobilisee\/"},"author":{"name":"Dimitri","@id":"https:\/\/www.enviedecole.fr\/#\/schema\/person\/3141deeb74550f8286111a4c445da987"},"headline":"\u00c9cole ferm\u00e9e, \u00e9quipe mobilis\u00e9e !","datePublished":"2020-03-17T08:38:42+00:00","dateModified":"2020-08-28T17:43:20+00:00","mainEntityOfPage":{"@id":"https:\/\/www.enviedecole.fr\/index.php\/2020\/03\/17\/ecole-fermee-equipe-mobilisee\/"},"wordCount":125,"commentCount":0,"publisher":{"@id":"https:\/\/www.enviedecole.fr\/#organization"},"image":{"@id":"https:\/\/www.enviedecole.fr\/index.php\/2020\/03\/17\/ecole-fermee-equipe-mobilisee\/#primaryimage"},"thumbnailUrl":"https:\/\/www.enviedecole.fr\/wp-content\/uploads\/2020\/03\/Envol_NL20_focus_ecole-1.jpg","articleSection":["actu"],"inLanguage":"fr-FR","potentialAction":[{"@type":"CommentAction","name":"Comment","target":["https:\/\/www.enviedecole.fr\/index.php\/2020\/03\/17\/ecole-fermee-equipe-mobilisee\/#respond"]}]},{"@type":"WebPage","@id":"https:\/\/www.enviedecole.fr\/index.php\/2020\/03\/17\/ecole-fermee-equipe-mobilisee\/","url":"https:\/\/www.enviedecole.fr\/index.php\/2020\/03\/17\/ecole-fermee-equipe-mobilisee\/","name":"- \u00c9cole ferm\u00e9e, \u00e9quipe mobilis\u00e9e !","isPartOf":{"@id":"https:\/\/www.enviedecole.fr\/#website"},"primaryImageOfPage":{"@id":"https:\/\/www.enviedecole.fr\/index.php\/2020\/03\/17\/ecole-fermee-equipe-mobilisee\/#primaryimage"},"image":{"@id":"https:\/\/www.enviedecole.fr\/index.php\/2020\/03\/17\/ecole-fermee-equipe-mobilisee\/#primaryimage"},"thumbnailUrl":"https:\/\/www.enviedecole.fr\/wp-content\/uploads\/2020\/03\/Envol_NL20_focus_ecole-1.jpg","datePublished":"2020-03-17T08:38:42+00:00","dateModified":"2020-08-28T17:43:20+00:00","description":"L\u2019ENVOL est une \u00e9cole priv\u00e9e la\u00efque hors contrat \u00e0 p\u00e9dagogie coop\u00e9rative d\u2019inspiration Montessori et Freinet, situ\u00e9e sur la commune de St Saturnin du Bois, proche de Surg\u00e8res et de Niort dans le d\u00e9partement de la Charente Maritime (17).","breadcrumb":{"@id":"https:\/\/www.enviedecole.fr\/index.php\/2020\/03\/17\/ecole-fermee-equipe-mobilisee\/#breadcrumb"},"inLanguage":"fr-FR","potentialAction":[{"@type":"ReadAction","target":["https:\/\/www.enviedecole.fr\/index.php\/2020\/03\/17\/ecole-fermee-equipe-mobilisee\/"]}]},{"@type":"ImageObject","inLanguage":"fr-FR","@id":"https:\/\/www.enviedecole.fr\/index.php\/2020\/03\/17\/ecole-fermee-equipe-mobilisee\/#primaryimage","url":"https:\/\/www.enviedecole.fr\/wp-content\/uploads\/2020\/03\/Envol_NL20_focus_ecole-1.jpg","contentUrl":"https:\/\/www.enviedecole.fr\/wp-content\/uploads\/2020\/03\/Envol_NL20_focus_ecole-1.jpg","width":956,"height":610},{"@type":"BreadcrumbList","@id":"https:\/\/www.enviedecole.fr\/index.php\/2020\/03\/17\/ecole-fermee-equipe-mobilisee\/#breadcrumb","itemListElement":[{"@type":"ListItem","position":1,"name":"Accueil","item":"https:\/\/www.enviedecole.fr\/"},{"@type":"ListItem","position":2,"name":"\u00c9cole ferm\u00e9e, \u00e9quipe mobilis\u00e9e !"}]},{"@type":"WebSite","@id":"https:\/\/www.enviedecole.fr\/#website","url":"https:\/\/www.enviedecole.fr\/","name":"En Vie d'Ecole","description":"","publisher":{"@id":"https:\/\/www.enviedecole.fr\/#organization"},"potentialAction":[{"@type":"SearchAction","target":{"@type":"EntryPoint","urlTemplate":"https:\/\/www.enviedecole.fr\/?s={search_term_string}"},"query-input":{"@type":"PropertyValueSpecification","valueRequired":true,"valueName":"search_term_string"}}],"inLanguage":"fr-FR"},{"@type":"Organization","@id":"https:\/\/www.enviedecole.fr\/#organization","name":"En vie d\u2019\u00e9cole","url":"https:\/\/www.enviedecole.fr\/","logo":{"@type":"ImageObject","inLanguage":"fr-FR","@id":"https:\/\/www.enviedecole.fr\/#\/schema\/logo\/image\/","url":"https:\/\/www.enviedecole.fr\/wp-content\/uploads\/2018\/10\/logo_texte_bas.jpg","contentUrl":"https:\/\/www.enviedecole.fr\/wp-content\/uploads\/2018\/10\/logo_texte_bas.jpg","width":266,"height":284,"caption":"En vie d\u2019\u00e9cole"},"image":{"@id":"https:\/\/www.enviedecole.fr\/#\/schema\/logo\/image\/"}},{"@type":"Person","@id":"https:\/\/www.enviedecole.fr\/#\/schema\/person\/3141deeb74550f8286111a4c445da987","name":"Dimitri","image":{"@type":"ImageObject","inLanguage":"fr-FR","@id":"https:\/\/www.enviedecole.fr\/#\/schema\/person\/image\/","url":"https:\/\/secure.gravatar.com\/avatar\/d3a3675328bd8b4593471d65873b60bb?s=96&d=mm&r=g","contentUrl":"https:\/\/secure.gravatar.com\/avatar\/d3a3675328bd8b4593471d65873b60bb?s=96&d=mm&r=g","caption":"Dimitri"},"description":"Dimitri EXERTIER, responsable administratif et financier de l'\u00e9cole L'ENVOL et partisan des p\u00e9dagogies coop\u00e9ratives :)"}]}},"_links":{"self":[{"href":"https:\/\/www.enviedecole.fr\/index.php\/wp-json\/wp\/v2\/posts\/3979"}],"collection":[{"href":"https:\/\/www.enviedecole.fr\/index.php\/wp-json\/wp\/v2\/posts"}],"about":[{"href":"https:\/\/www.enviedecole.fr\/index.php\/wp-json\/wp\/v2\/types\/post"}],"author":[{"embeddable":true,"href":"https:\/\/www.enviedecole.fr\/index.php\/wp-json\/wp\/v2\/users\/3"}],"replies":[{"embeddable":true,"href":"https:\/\/www.enviedecole.fr\/index.php\/wp-json\/wp\/v2\/comments?post=3979"}],"version-history":[{"count":0,"href":"https:\/\/www.enviedecole.fr\/index.php\/wp-json\/wp\/v2\/posts\/3979\/revisions"}],"wp:featuredmedia":[{"embeddable":true,"href":"https:\/\/www.enviedecole.fr\/index.php\/wp-json\/wp\/v2\/media\/3926"}],"wp:attachment":[{"href":"https:\/\/www.enviedecole.fr\/index.php\/wp-json\/wp\/v2\/media?parent=3979"}],"wp:term":[{"taxonomy":"category","embeddable":true,"href":"https:\/\/www.enviedecole.fr\/index.php\/wp-json\/wp\/v2\/categories?post=3979"},{"taxonomy":"post_tag","embeddable":true,"href":"https:\/\/www.enviedecole.fr\/index.php\/wp-json\/wp\/v2\/tags?post=3979"}],"curies":[{"name":"wp","href":"https:\/\/api.w.org\/{rel}","templated":true}]}}