{"id":3902,"date":"2020-02-13T16:47:24","date_gmt":"2020-02-13T15:47:24","guid":{"rendered":"https:\/\/www.enviedecole.fr\/?p=3902"},"modified":"2020-09-28T16:28:20","modified_gmt":"2020-09-28T14:28:20","slug":"merci-m-lhermitte","status":"publish","type":"post","link":"https:\/\/www.enviedecole.fr\/index.php\/2020\/02\/13\/merci-m-lhermitte\/","title":{"rendered":"Merci M. Lhermitte !"},"content":{"rendered":"Notre recherche de fonds continue pour notre projet \u00ab\u00a0Un jardin dans mon \u00e9cole\u00a0\u00bb. Apr\u00e8s une entreprise locale de menuiserie et la fondation L\u00e9a Nature, c&rsquo;est Thierry Lhermitte <em>himself<\/em>, c\u00e9l\u00e8bre et \u00f4 combien talentueux acteur fran\u00e7ais, qui nous fait l&rsquo;honneur d&rsquo;ajouter son illustre nom \u00e0 la liste de nos donateurs.. Un geste qui nous va droit au c\u0153ur ! Nous passons la barre symbolique des 50% de financement du projet !","protected":false},"excerpt":{"rendered":"<p align=\"justify\">Notre recherche de fonds continue pour notre projet \u00ab\u00a0Un jardin dans mon \u00e9cole\u00a0\u00bb. Apr\u00e8s une entreprise locale de menuiserie et la fondation L\u00e9a Nature, c&rsquo;est Thierry Lhermitte himself, c\u00e9l\u00e8bre et \u00f4 combien talentueux acteur fran\u00e7ais, qui nous fait l&rsquo;honneur d&rsquo;ajouter son illustre nom \u00e0 la liste de nos donateurs.. Un geste qui nous va droit au c\u0153ur ! Nous passons la barre symbolique des 50% de financement du projet !<\/p>\n","protected":false},"author":3,"featured_media":3903,"comment_status":"open","ping_status":"open","sticky":false,"template":"","format":"standard","meta":{"site-sidebar-layout":"default","site-content-layout":"","ast-site-content-layout":"","site-content-style":"default","site-sidebar-style":"default","ast-global-header-display":"","ast-banner-title-visibility":"","ast-main-header-display":"","ast-hfb-above-header-display":"","ast-hfb-below-header-display":"","ast-hfb-mobile-header-display":"","site-post-title":"","ast-breadcrumbs-content":"","ast-featured-img":"","footer-sml-layout":"","theme-transparent-header-meta":"","adv-header-id-meta":"","stick-header-meta":"","header-above-stick-meta":"","header-main-stick-meta":"","header-below-stick-meta":"","astra-migrate-meta-layouts":"default","ast-page-background-enabled":"default","ast-page-background-meta":{"desktop":{"background-color":"var(--ast-global-color-4)","background-image":"","background-repeat":"repeat","background-position":"center center","background-size":"auto","background-attachment":"scroll","background-type":"","background-media":"","overlay-type":"","overlay-color":"","overlay-opacity":"","overlay-gradient":""},"tablet":{"background-color":"","background-image":"","background-repeat":"repeat","background-position":"center center","background-size":"auto","background-attachment":"scroll","background-type":"","background-media":"","overlay-type":"","overlay-color":"","overlay-opacity":"","overlay-gradient":""},"mobile":{"background-color":"","background-image":"","background-repeat":"repeat","background-position":"center center","background-size":"auto","background-attachment":"scroll","background-type":"","background-media":"","overlay-type":"","overlay-color":"","overlay-opacity":"","overlay-gradient":""}},"ast-content-background-meta":{"desktop":{"background-color":"var(--ast-global-color-5)","background-image":"","background-repeat":"repeat","background-position":"center center","background-size":"auto","background-attachment":"scroll","background-type":"","background-media":"","overlay-type":"","overlay-color":"","overlay-opacity":"","overlay-gradient":""},"tablet":{"background-color":"var(--ast-global-color-5)","background-image":"","background-repeat":"repeat","background-position":"center center","background-size":"auto","background-attachment":"scroll","background-type":"","background-media":"","overlay-type":"","overlay-color":"","overlay-opacity":"","overlay-gradient":""},"mobile":{"background-color":"var(--ast-global-color-5)","background-image":"","background-repeat":"repeat","background-position":"center center","background-size":"auto","background-attachment":"scroll","background-type":"","background-media":"","overlay-type":"","overlay-color":"","overlay-opacity":"","overlay-gradient":""}},"footnotes":""},"categories":[3,1],"tags":[],"class_list":["post-3902","post","type-post","status-publish","format-standard","has-post-thumbnail","hentry","category-actu","category-non-classe"],"yoast_head":"<!-- This site is optimized with the Yoast SEO plugin v23.9 - https:\/\/yoast.com\/wordpress\/plugins\/seo\/ -->\n<title>- Merci M. Lhermitte !<\/title>\n<meta name=\"description\" content=\"L\u2019ENVOL est une \u00e9cole priv\u00e9e la\u00efque hors contrat \u00e0 p\u00e9dagogie coop\u00e9rative d\u2019inspiration Montessori et Freinet, situ\u00e9e sur la commune de St Saturnin du Bois, proche de Surg\u00e8res et de Niort dans le d\u00e9partement de la Charente Maritime (17).\" \/>\n<meta name=\"robots\" content=\"index, follow, max-snippet:-1, max-image-preview:large, max-video-preview:-1\" \/>\n<link rel=\"canonical\" href=\"https:\/\/www.enviedecole.fr\/index.php\/2020\/02\/13\/merci-m-lhermitte\/\" \/>\n<meta property=\"og:locale\" content=\"fr_FR\" \/>\n<meta property=\"og:type\" content=\"article\" \/>\n<meta property=\"og:title\" content=\"- Merci M. Lhermitte !\" \/>\n<meta property=\"og:description\" content=\"L\u2019ENVOL est une \u00e9cole priv\u00e9e la\u00efque hors contrat \u00e0 p\u00e9dagogie coop\u00e9rative d\u2019inspiration Montessori et Freinet, situ\u00e9e sur la commune de St Saturnin du Bois, proche de Surg\u00e8res et de Niort dans le d\u00e9partement de la Charente Maritime (17).\" \/>\n<meta property=\"og:url\" content=\"https:\/\/www.enviedecole.fr\/index.php\/2020\/02\/13\/merci-m-lhermitte\/\" \/>\n<meta property=\"article:published_time\" content=\"2020-02-13T15:47:24+00:00\" \/>\n<meta property=\"article:modified_time\" content=\"2020-09-28T14:28:20+00:00\" \/>\n<meta property=\"og:image\" content=\"https:\/\/www.enviedecole.fr\/wp-content\/uploads\/2020\/03\/thierry-lhermitte.jpg\" \/>\n\t<meta property=\"og:image:width\" content=\"460\" \/>\n\t<meta property=\"og:image:height\" content=\"258\" \/>\n\t<meta property=\"og:image:type\" content=\"image\/jpeg\" \/>\n<meta name=\"author\" content=\"Dimitri\" \/>\n<meta name=\"twitter:card\" content=\"summary_large_image\" \/>\n<meta name=\"twitter:label1\" content=\"\u00c9crit par\" \/>\n\t<meta name=\"twitter:data1\" content=\"Dimitri\" \/>\n<script type=\"application\/ld+json\" class=\"yoast-schema-graph\">{\"@context\":\"https:\/\/schema.org\",\"@graph\":[{\"@type\":\"Article\",\"@id\":\"https:\/\/www.enviedecole.fr\/index.php\/2020\/02\/13\/merci-m-lhermitte\/#article\",\"isPartOf\":{\"@id\":\"https:\/\/www.enviedecole.fr\/index.php\/2020\/02\/13\/merci-m-lhermitte\/\"},\"author\":{\"name\":\"Dimitri\",\"@id\":\"https:\/\/www.enviedecole.fr\/#\/schema\/person\/3141deeb74550f8286111a4c445da987\"},\"headline\":\"Merci M. Lhermitte !\",\"datePublished\":\"2020-02-13T15:47:24+00:00\",\"dateModified\":\"2020-09-28T14:28:20+00:00\",\"mainEntityOfPage\":{\"@id\":\"https:\/\/www.enviedecole.fr\/index.php\/2020\/02\/13\/merci-m-lhermitte\/\"},\"wordCount\":74,\"commentCount\":0,\"publisher\":{\"@id\":\"https:\/\/www.enviedecole.fr\/#organization\"},\"image\":{\"@id\":\"https:\/\/www.enviedecole.fr\/index.php\/2020\/02\/13\/merci-m-lhermitte\/#primaryimage\"},\"thumbnailUrl\":\"https:\/\/www.enviedecole.fr\/wp-content\/uploads\/2020\/03\/thierry-lhermitte.jpg\",\"articleSection\":[\"actu\"],\"inLanguage\":\"fr-FR\",\"potentialAction\":[{\"@type\":\"CommentAction\",\"name\":\"Comment\",\"target\":[\"https:\/\/www.enviedecole.fr\/index.php\/2020\/02\/13\/merci-m-lhermitte\/#respond\"]}]},{\"@type\":\"WebPage\",\"@id\":\"https:\/\/www.enviedecole.fr\/index.php\/2020\/02\/13\/merci-m-lhermitte\/\",\"url\":\"https:\/\/www.enviedecole.fr\/index.php\/2020\/02\/13\/merci-m-lhermitte\/\",\"name\":\"- Merci M. Lhermitte !\",\"isPartOf\":{\"@id\":\"https:\/\/www.enviedecole.fr\/#website\"},\"primaryImageOfPage\":{\"@id\":\"https:\/\/www.enviedecole.fr\/index.php\/2020\/02\/13\/merci-m-lhermitte\/#primaryimage\"},\"image\":{\"@id\":\"https:\/\/www.enviedecole.fr\/index.php\/2020\/02\/13\/merci-m-lhermitte\/#primaryimage\"},\"thumbnailUrl\":\"https:\/\/www.enviedecole.fr\/wp-content\/uploads\/2020\/03\/thierry-lhermitte.jpg\",\"datePublished\":\"2020-02-13T15:47:24+00:00\",\"dateModified\":\"2020-09-28T14:28:20+00:00\",\"description\":\"L\u2019ENVOL est une \u00e9cole priv\u00e9e la\u00efque hors contrat \u00e0 p\u00e9dagogie coop\u00e9rative d\u2019inspiration Montessori et Freinet, situ\u00e9e sur la commune de St Saturnin du Bois, proche de Surg\u00e8res et de Niort dans le d\u00e9partement de la Charente Maritime (17).\",\"breadcrumb\":{\"@id\":\"https:\/\/www.enviedecole.fr\/index.php\/2020\/02\/13\/merci-m-lhermitte\/#breadcrumb\"},\"inLanguage\":\"fr-FR\",\"potentialAction\":[{\"@type\":\"ReadAction\",\"target\":[\"https:\/\/www.enviedecole.fr\/index.php\/2020\/02\/13\/merci-m-lhermitte\/\"]}]},{\"@type\":\"ImageObject\",\"inLanguage\":\"fr-FR\",\"@id\":\"https:\/\/www.enviedecole.fr\/index.php\/2020\/02\/13\/merci-m-lhermitte\/#primaryimage\",\"url\":\"https:\/\/www.enviedecole.fr\/wp-content\/uploads\/2020\/03\/thierry-lhermitte.jpg\",\"contentUrl\":\"https:\/\/www.enviedecole.fr\/wp-content\/uploads\/2020\/03\/thierry-lhermitte.jpg\",\"width\":460,\"height\":258},{\"@type\":\"BreadcrumbList\",\"@id\":\"https:\/\/www.enviedecole.fr\/index.php\/2020\/02\/13\/merci-m-lhermitte\/#breadcrumb\",\"itemListElement\":[{\"@type\":\"ListItem\",\"position\":1,\"name\":\"Accueil\",\"item\":\"https:\/\/www.enviedecole.fr\/\"},{\"@type\":\"ListItem\",\"position\":2,\"name\":\"Merci M. Lhermitte !\"}]},{\"@type\":\"WebSite\",\"@id\":\"https:\/\/www.enviedecole.fr\/#website\",\"url\":\"https:\/\/www.enviedecole.fr\/\",\"name\":\"En Vie d'Ecole\",\"description\":\"\",\"publisher\":{\"@id\":\"https:\/\/www.enviedecole.fr\/#organization\"},\"potentialAction\":[{\"@type\":\"SearchAction\",\"target\":{\"@type\":\"EntryPoint\",\"urlTemplate\":\"https:\/\/www.enviedecole.fr\/?s={search_term_string}\"},\"query-input\":{\"@type\":\"PropertyValueSpecification\",\"valueRequired\":true,\"valueName\":\"search_term_string\"}}],\"inLanguage\":\"fr-FR\"},{\"@type\":\"Organization\",\"@id\":\"https:\/\/www.enviedecole.fr\/#organization\",\"name\":\"En vie d\u2019\u00e9cole\",\"url\":\"https:\/\/www.enviedecole.fr\/\",\"logo\":{\"@type\":\"ImageObject\",\"inLanguage\":\"fr-FR\",\"@id\":\"https:\/\/www.enviedecole.fr\/#\/schema\/logo\/image\/\",\"url\":\"https:\/\/www.enviedecole.fr\/wp-content\/uploads\/2018\/10\/logo_texte_bas.jpg\",\"contentUrl\":\"https:\/\/www.enviedecole.fr\/wp-content\/uploads\/2018\/10\/logo_texte_bas.jpg\",\"width\":266,\"height\":284,\"caption\":\"En vie d\u2019\u00e9cole\"},\"image\":{\"@id\":\"https:\/\/www.enviedecole.fr\/#\/schema\/logo\/image\/\"}},{\"@type\":\"Person\",\"@id\":\"https:\/\/www.enviedecole.fr\/#\/schema\/person\/3141deeb74550f8286111a4c445da987\",\"name\":\"Dimitri\",\"image\":{\"@type\":\"ImageObject\",\"inLanguage\":\"fr-FR\",\"@id\":\"https:\/\/www.enviedecole.fr\/#\/schema\/person\/image\/\",\"url\":\"https:\/\/secure.gravatar.com\/avatar\/d3a3675328bd8b4593471d65873b60bb?s=96&d=mm&r=g\",\"contentUrl\":\"https:\/\/secure.gravatar.com\/avatar\/d3a3675328bd8b4593471d65873b60bb?s=96&d=mm&r=g\",\"caption\":\"Dimitri\"},\"description\":\"Dimitri EXERTIER, responsable administratif et financier de l'\u00e9cole L'ENVOL et partisan des p\u00e9dagogies coop\u00e9ratives :)\"}]}<\/script>\n<!-- \/ Yoast SEO plugin. -->","yoast_head_json":{"title":"- Merci M. Lhermitte !","description":"L\u2019ENVOL est une \u00e9cole priv\u00e9e la\u00efque hors contrat \u00e0 p\u00e9dagogie coop\u00e9rative d\u2019inspiration Montessori et Freinet, situ\u00e9e sur la commune de St Saturnin du Bois, proche de Surg\u00e8res et de Niort dans le d\u00e9partement de la Charente Maritime (17).","robots":{"index":"index","follow":"follow","max-snippet":"max-snippet:-1","max-image-preview":"max-image-preview:large","max-video-preview":"max-video-preview:-1"},"canonical":"https:\/\/www.enviedecole.fr\/index.php\/2020\/02\/13\/merci-m-lhermitte\/","og_locale":"fr_FR","og_type":"article","og_title":"- Merci M. Lhermitte !","og_description":"L\u2019ENVOL est une \u00e9cole priv\u00e9e la\u00efque hors contrat \u00e0 p\u00e9dagogie coop\u00e9rative d\u2019inspiration Montessori et Freinet, situ\u00e9e sur la commune de St Saturnin du Bois, proche de Surg\u00e8res et de Niort dans le d\u00e9partement de la Charente Maritime (17).","og_url":"https:\/\/www.enviedecole.fr\/index.php\/2020\/02\/13\/merci-m-lhermitte\/","article_published_time":"2020-02-13T15:47:24+00:00","article_modified_time":"2020-09-28T14:28:20+00:00","og_image":[{"width":460,"height":258,"url":"https:\/\/www.enviedecole.fr\/wp-content\/uploads\/2020\/03\/thierry-lhermitte.jpg","type":"image\/jpeg"}],"author":"Dimitri","twitter_card":"summary_large_image","twitter_misc":{"\u00c9crit par":"Dimitri"},"schema":{"@context":"https:\/\/schema.org","@graph":[{"@type":"Article","@id":"https:\/\/www.enviedecole.fr\/index.php\/2020\/02\/13\/merci-m-lhermitte\/#article","isPartOf":{"@id":"https:\/\/www.enviedecole.fr\/index.php\/2020\/02\/13\/merci-m-lhermitte\/"},"author":{"name":"Dimitri","@id":"https:\/\/www.enviedecole.fr\/#\/schema\/person\/3141deeb74550f8286111a4c445da987"},"headline":"Merci M. Lhermitte !","datePublished":"2020-02-13T15:47:24+00:00","dateModified":"2020-09-28T14:28:20+00:00","mainEntityOfPage":{"@id":"https:\/\/www.enviedecole.fr\/index.php\/2020\/02\/13\/merci-m-lhermitte\/"},"wordCount":74,"commentCount":0,"publisher":{"@id":"https:\/\/www.enviedecole.fr\/#organization"},"image":{"@id":"https:\/\/www.enviedecole.fr\/index.php\/2020\/02\/13\/merci-m-lhermitte\/#primaryimage"},"thumbnailUrl":"https:\/\/www.enviedecole.fr\/wp-content\/uploads\/2020\/03\/thierry-lhermitte.jpg","articleSection":["actu"],"inLanguage":"fr-FR","potentialAction":[{"@type":"CommentAction","name":"Comment","target":["https:\/\/www.enviedecole.fr\/index.php\/2020\/02\/13\/merci-m-lhermitte\/#respond"]}]},{"@type":"WebPage","@id":"https:\/\/www.enviedecole.fr\/index.php\/2020\/02\/13\/merci-m-lhermitte\/","url":"https:\/\/www.enviedecole.fr\/index.php\/2020\/02\/13\/merci-m-lhermitte\/","name":"- Merci M. Lhermitte !","isPartOf":{"@id":"https:\/\/www.enviedecole.fr\/#website"},"primaryImageOfPage":{"@id":"https:\/\/www.enviedecole.fr\/index.php\/2020\/02\/13\/merci-m-lhermitte\/#primaryimage"},"image":{"@id":"https:\/\/www.enviedecole.fr\/index.php\/2020\/02\/13\/merci-m-lhermitte\/#primaryimage"},"thumbnailUrl":"https:\/\/www.enviedecole.fr\/wp-content\/uploads\/2020\/03\/thierry-lhermitte.jpg","datePublished":"2020-02-13T15:47:24+00:00","dateModified":"2020-09-28T14:28:20+00:00","description":"L\u2019ENVOL est une \u00e9cole priv\u00e9e la\u00efque hors contrat \u00e0 p\u00e9dagogie coop\u00e9rative d\u2019inspiration Montessori et Freinet, situ\u00e9e sur la commune de St Saturnin du Bois, proche de Surg\u00e8res et de Niort dans le d\u00e9partement de la Charente Maritime (17).","breadcrumb":{"@id":"https:\/\/www.enviedecole.fr\/index.php\/2020\/02\/13\/merci-m-lhermitte\/#breadcrumb"},"inLanguage":"fr-FR","potentialAction":[{"@type":"ReadAction","target":["https:\/\/www.enviedecole.fr\/index.php\/2020\/02\/13\/merci-m-lhermitte\/"]}]},{"@type":"ImageObject","inLanguage":"fr-FR","@id":"https:\/\/www.enviedecole.fr\/index.php\/2020\/02\/13\/merci-m-lhermitte\/#primaryimage","url":"https:\/\/www.enviedecole.fr\/wp-content\/uploads\/2020\/03\/thierry-lhermitte.jpg","contentUrl":"https:\/\/www.enviedecole.fr\/wp-content\/uploads\/2020\/03\/thierry-lhermitte.jpg","width":460,"height":258},{"@type":"BreadcrumbList","@id":"https:\/\/www.enviedecole.fr\/index.php\/2020\/02\/13\/merci-m-lhermitte\/#breadcrumb","itemListElement":[{"@type":"ListItem","position":1,"name":"Accueil","item":"https:\/\/www.enviedecole.fr\/"},{"@type":"ListItem","position":2,"name":"Merci M. Lhermitte !"}]},{"@type":"WebSite","@id":"https:\/\/www.enviedecole.fr\/#website","url":"https:\/\/www.enviedecole.fr\/","name":"En Vie d'Ecole","description":"","publisher":{"@id":"https:\/\/www.enviedecole.fr\/#organization"},"potentialAction":[{"@type":"SearchAction","target":{"@type":"EntryPoint","urlTemplate":"https:\/\/www.enviedecole.fr\/?s={search_term_string}"},"query-input":{"@type":"PropertyValueSpecification","valueRequired":true,"valueName":"search_term_string"}}],"inLanguage":"fr-FR"},{"@type":"Organization","@id":"https:\/\/www.enviedecole.fr\/#organization","name":"En vie d\u2019\u00e9cole","url":"https:\/\/www.enviedecole.fr\/","logo":{"@type":"ImageObject","inLanguage":"fr-FR","@id":"https:\/\/www.enviedecole.fr\/#\/schema\/logo\/image\/","url":"https:\/\/www.enviedecole.fr\/wp-content\/uploads\/2018\/10\/logo_texte_bas.jpg","contentUrl":"https:\/\/www.enviedecole.fr\/wp-content\/uploads\/2018\/10\/logo_texte_bas.jpg","width":266,"height":284,"caption":"En vie d\u2019\u00e9cole"},"image":{"@id":"https:\/\/www.enviedecole.fr\/#\/schema\/logo\/image\/"}},{"@type":"Person","@id":"https:\/\/www.enviedecole.fr\/#\/schema\/person\/3141deeb74550f8286111a4c445da987","name":"Dimitri","image":{"@type":"ImageObject","inLanguage":"fr-FR","@id":"https:\/\/www.enviedecole.fr\/#\/schema\/person\/image\/","url":"https:\/\/secure.gravatar.com\/avatar\/d3a3675328bd8b4593471d65873b60bb?s=96&d=mm&r=g","contentUrl":"https:\/\/secure.gravatar.com\/avatar\/d3a3675328bd8b4593471d65873b60bb?s=96&d=mm&r=g","caption":"Dimitri"},"description":"Dimitri EXERTIER, responsable administratif et financier de l'\u00e9cole L'ENVOL et partisan des p\u00e9dagogies coop\u00e9ratives :)"}]}},"_links":{"self":[{"href":"https:\/\/www.enviedecole.fr\/index.php\/wp-json\/wp\/v2\/posts\/3902"}],"collection":[{"href":"https:\/\/www.enviedecole.fr\/index.php\/wp-json\/wp\/v2\/posts"}],"about":[{"href":"https:\/\/www.enviedecole.fr\/index.php\/wp-json\/wp\/v2\/types\/post"}],"author":[{"embeddable":true,"href":"https:\/\/www.enviedecole.fr\/index.php\/wp-json\/wp\/v2\/users\/3"}],"replies":[{"embeddable":true,"href":"https:\/\/www.enviedecole.fr\/index.php\/wp-json\/wp\/v2\/comments?post=3902"}],"version-history":[{"count":0,"href":"https:\/\/www.enviedecole.fr\/index.php\/wp-json\/wp\/v2\/posts\/3902\/revisions"}],"wp:featuredmedia":[{"embeddable":true,"href":"https:\/\/www.enviedecole.fr\/index.php\/wp-json\/wp\/v2\/media\/3903"}],"wp:attachment":[{"href":"https:\/\/www.enviedecole.fr\/index.php\/wp-json\/wp\/v2\/media?parent=3902"}],"wp:term":[{"taxonomy":"category","embeddable":true,"href":"https:\/\/www.enviedecole.fr\/index.php\/wp-json\/wp\/v2\/categories?post=3902"},{"taxonomy":"post_tag","embeddable":true,"href":"https:\/\/www.enviedecole.fr\/index.php\/wp-json\/wp\/v2\/tags?post=3902"}],"curies":[{"name":"wp","href":"https:\/\/api.w.org\/{rel}","templated":true}]}}